{"id":352,"date":"2020-05-14T15:33:47","date_gmt":"2020-05-14T13:33:47","guid":{"rendered":"https:\/\/blogs.ugr.es\/almenara\/?p=352"},"modified":"2021-04-29T13:20:51","modified_gmt":"2021-04-29T11:20:51","slug":"47-unas-pinceladas-socioeconomicas-relacionadas-con-la-segunda-guerra-mundial","status":"publish","type":"post","link":"https:\/\/blogs.ugr.es\/almenara\/47-unas-pinceladas-socioeconomicas-relacionadas-con-la-segunda-guerra-mundial\/","title":{"rendered":"47. Unas pinceladas socioecon\u00f3micas relacionadas con la Segunda Guerra Mundial"},"content":{"rendered":"<p><img loading=\"lazy\" decoding=\"async\" class=\"alignnone size-full wp-image-354\" src=\"https:\/\/blogs.ugr.es\/almenara\/wp-content\/uploads\/sites\/67\/2020\/05\/German_troops_crossing_the_Soviet_border.jpg\" alt=\"\" width=\"220\" height=\"297\" \/><\/p>\n<p>Varios pa\u00edses recordaron el 8 de mayo de 2020, en plena crisis del coronavirus, el 75 aniversario del fin de la Segunda Guerra Mundial. Discretamente y a la sombra, por las circunstancias de la pandemia, conmemoraron la rendici\u00f3n de la Alemania nazi ante los pa\u00edses aliados.<\/p>\n<p>Como bien nos recuerda E. Camps en el manual \u201cHistoria econ\u00f3mica mundial\u2026\u201d, \u201cla Segunda Guerra Mundial fue la m\u00e1s costosa de la humanidad tanto en t\u00e9rminos financieros como humanos, como de costes indirectos y en p\u00e9rdidas de potencial productivo\u201d (p. 102).<\/p>\n<p>En estos mismos t\u00e9rminos se expresa A. Cerreras, quien nos traslada la realidad de esta guerra del siguiente modo:<\/p>\n<p><em>La segunda guerra mundial fue mucho m\u00e1s destructiva que la primera. El armamento m\u00e1s moderno utilizado seg\u00f3 muchas m\u00e1s vidas (unos 16 millones de militares). Pero, adem\u00e1s, el enconamiento entre los adversarios fue mucho m\u00e1s profundo, lo que puso en marcha pol\u00edticas de aniquilaci\u00f3n sistem\u00e1tica de las poblaciones civiles, que acabaron con la vida de otros 26 millones de personas. La m\u00e1s conocida consisti\u00f3 en los campos de concentraci\u00f3n, trabajo forzoso y exterminio ideados por los nazis. Pero no fue la \u00fanica. Los mismos nazis realizaron operaciones de exterminio in situ en m\u00faltiples ocasiones. La ferocidad de la guerra involucr\u00f3 por completo a los no combatientes. Ah\u00ed donde la guerra fue m\u00e1s cruenta las p\u00e9rdidas de vidas fueron millonarias y afectaron hasta un diez por 100 de toda la poblaci\u00f3n (as\u00ed fue en la URSS, Polonia, Alemania y Yugoslavia). <\/em><\/p>\n<p><em>La guerra constituy\u00f3 un esfuerzo econ\u00f3mico centralizado, repitiendo las pautas de la primera, pero a una escala mucho mayor. Los grandes contendientes \u2014entre los que no estaba Francia, que fue ocupada fulminantemente por las tropas alemanas\u2014: Alemania, el Reino Unido, Italia y la URSS, m\u00e1s Estados Unidos y Jap\u00f3n fuera de Europa, trataron de centralizar f\u00e9rreamente todas sus operaciones y destinaron al esfuerzo b\u00e9lico una proporci\u00f3n de los recursos nacionales (del PIB) netamente superior a la que hab\u00edan dedicado durante la primera gran guerra. La fuerte movilizaci\u00f3n militar y econ\u00f3mica tens\u00f3 al m\u00e1ximo las capacidades productivas de todos los pa\u00edses implicados. De hecho, el paro, que a\u00fan coleaba como una herencia de la gran depresi\u00f3n, desapareci\u00f3 por completo por efecto de la movilizaci\u00f3n b\u00e9lica. El PIB no aument\u00f3 en el conjunto de Europa, aunque s\u00ed en los pa\u00edses beligerantes que no sufrieron la ocupaci\u00f3n militar. El caso m\u00e1s extremo es el de Estados Unidos.<\/em><\/p>\n<p>A. Carreras, \u201cEl siglo XX entre rupturas y prosperidad (1914-2000)\u201d en <em>Historia Econ\u00f3mica de Europa, siglos XV-XX<\/em>, pp. 381-385.<\/p>\n<p style=\"text-align: center\">&#8212;<\/p>\n<p>Continuando con el tema que nos ocupa, en el siguiente texto se resumen algunos de los hechos m\u00e1s relevantes ligados a las etapas b\u00e9lica y post-b\u00e9lica:<\/p>\n<p><strong>\u201cC\u00f3mo se recuper\u00f3 la econom\u00eda mundial liberal tras la IIGM\u201d<\/strong><\/p>\n<p><a href=\"https:\/\/segundaguerramundial.es\/recuperacion-economica-final-guerra\/\">https:\/\/segundaguerramundial.es\/recuperacion-economica-final-guerra\/<\/a><\/p>\n<p><em>Desde una perspectiva geopol\u00edtica y socioecon\u00f3mica, el final de la Segunda Guerra Mundial marc\u00f3 el inicio de una nueva era en la que la comunidad internacional del bloque capitalista mostr\u00f3 una gran resoluci\u00f3n a la hora de trabajar codo con codo para recuperar la econom\u00eda internacional de mercado<\/em><em>.<\/em><\/p>\n<p><em>Esto qued\u00f3 patente mediante las instituciones internacionales que fueron desarroll\u00e1ndose durante el periodo de 1944 a 1947, con objetivos claros de reconstruir Europa, eliminar las barreras al comercio y garantizar una cierta estabilidad en materia de tipos de cambio de divisas.\u00a0Estas iniciativas tuvieron diversos grados de \u00e9xito, pero todas ellas fueron eficaces a la hora de consolidar una cierta confianza\u00a0en el sistema de mercado, frente al incipiente expansionismo comunista oriental.<\/em><\/p>\n<p><em>Ya durante la Segunda Guerra Mundial se hab\u00edan celebrado negociaciones entre Gran Breta\u00f1a y EEUU en materia econ\u00f3mica<\/em><em>. El resultado m\u00e1s inmediato fue la firma del Mutual Aid Agreement (Acuerdo de Asistencia Mutua) de 1941, que se centr\u00f3 en acuerdos de pr\u00e9stamos financieros y en el intercambio de ideas sobre c\u00f3mo colaborar\u00edan las naciones una vez que la paz fuese restaurada, de cara a construir una econom\u00eda que funcionase de la mejor manera posible.<\/em><\/p>\n<p><em>En abril de 1944, delegados de 44 naciones se reunieron en Bretton Woods (New Hampshire, EE. UU.), para dibujar pol\u00edticas econ\u00f3micas encaminadas a conseguir una consolidaci\u00f3n econ\u00f3mica de posguerra. Fruto de dichas reuniones nacer\u00eda el FMI (Fondo Monetario Internacional) y el BIRD (Banco Internacional de Reconstrucci\u00f3n y Fomento).<\/em><\/p>\n<p><em>El objetivo de las reuniones de los delegados de las econom\u00edas mundiales punteras\u00a0de la \u00e9poca era facilitar una pol\u00edtica monetaria de estabilidad mediante la fijaci\u00f3n de tasas de cambio respaldadas por el oro o por el d\u00f3lar.<\/em><\/p>\n<p><em>Tambi\u00e9n se buscaba acordar pr\u00e9stamos para reconstruir Europa tras el fin de las hostilidades de la Segunda Guerra Mundial y, posteriormente, desarrollar iniciativas de est\u00edmulo encaminadas al crecimiento econ\u00f3mico de los pa\u00edses destruidos. Nac\u00eda as\u00ed lo que actualmente se conoce como \u201cSistema de Bretton Woods\u201d.<\/em><\/p>\n<p><em>En 1947, ya con la Segunda Guerra Mundial terminada y con la victoria aliada, se desarrollaron otras dos instituciones para estimular el comercio y las inversiones internacionales: el GATT (Acuerdo General sobre Aranceles Aduaneros y Comercio) y el ERP (<\/em><em>European Recovery Program, <\/em><em>conocido popularmente como Plan Marshall).\u00a0Veintitr\u00e9s naciones se reunieron en Ginebra (Suiza) para esbozar el GATT (desde 1995, la OMC -Organizaci\u00f3n Mundial del Comercio-) y negociar la reducci\u00f3n de aranceles en casi el 50 % de las mercanc\u00edas sujetas a comercio mundial. En 1949, ya eran 34 las naciones firmantes del GATT (el equivalente al 80 % del comercio mundial).<\/em><\/p>\n<p><em>El Plan Marshall, por su parte, destin\u00f3 13.000 millones de d\u00f3lares a las regiones m\u00e1s arrasadas por la Segunda Guerra Mundial. A pesar de ser un programa limitado a nivel de recursos, la ayuda fue bastante eficaz, ya que un 60 % de los fondos estaba destinado a productos primarios (alimentos y equipamiento industrial), lo que contribuy\u00f3 a la productividad laboral y al nivel de inversiones, logr\u00e1ndose as\u00ed la ansiada recuperaci\u00f3n de la confianza de los consumidores.<\/em><\/p>\n<p><em>El periodo entre 1950 y 1973, clasificado por muchos economistas como \u201clos a\u00f1os dorados\u201d, fue bastante espectacular en Europa. La productividad laboral media se encuadr\u00f3 en un 4,5 % anual, mientras que el PIB real creci\u00f3 a un 4,8 % en los 16 pa\u00edses l\u00edderes de la OCDE.<\/em><\/p>\n<p style=\"text-align: center\">&#8212;<\/p>\n<p>Para terminar esta entrada, os remito a este interesant\u00edsimo art\u00edculo, en el que se hace una semblanza sobre ocho mujeres que asumieron un rol muy relevante en tiempos de la segunda Guerra Mundial:<\/p>\n<p><strong>\u201c8 hero\u00ednas de la Segunda Guerra Mundial que deber\u00edas conocer:\u201d<\/strong><\/p>\n<p><a href=\"https:\/\/es.noticias.yahoo.com\/guerra-mundial-lady-muerte-princesa-053257247.html\">https:\/\/es.noticias.yahoo.com\/guerra-mundial-lady-muerte-princesa-053257247.HTML<\/a><\/p>\n<p>&nbsp;<\/p>\n","protected":false},"excerpt":{"rendered":"<p>Varios pa\u00edses recordaron el 8 de mayo de 2020, en plena crisis del coronavirus, el 75 aniversario del fin de la Segunda Guerra Mundial. Discretamente y a la sombra, por las circunstancias de la pandemia, conmemoraron la rendici\u00f3n de la Alemania nazi ante los pa\u00edses aliados. Como bien nos recuerda E. Camps en el manual [&hellip;]<\/p>\n","protected":false},"author":514,"featured_media":0,"comment_status":"open","ping_status":"closed","sticky":false,"template":"","format":"standard","meta":{"_genesis_hide_title":false,"_genesis_hide_breadcrumbs":false,"_genesis_hide_singular_image":false,"_genesis_hide_footer_widgets":false,"_genesis_custom_body_class":"","_genesis_custom_post_class":"","_genesis_layout":"","footnotes":""},"categories":[1],"tags":[],"class_list":{"0":"post-352","1":"post","2":"type-post","3":"status-publish","4":"format-standard","6":"category-sin-categoria","7":"entry"},"_links":{"self":[{"href":"https:\/\/blogs.ugr.es\/almenara\/wp-json\/wp\/v2\/posts\/352","targetHints":{"allow":["GET"]}}],"collection":[{"href":"https:\/\/blogs.ugr.es\/almenara\/wp-json\/wp\/v2\/posts"}],"about":[{"href":"https:\/\/blogs.ugr.es\/almenara\/wp-json\/wp\/v2\/types\/post"}],"author":[{"embeddable":true,"href":"https:\/\/blogs.ugr.es\/almenara\/wp-json\/wp\/v2\/users\/514"}],"replies":[{"embeddable":true,"href":"https:\/\/blogs.ugr.es\/almenara\/wp-json\/wp\/v2\/comments?post=352"}],"version-history":[{"count":3,"href":"https:\/\/blogs.ugr.es\/almenara\/wp-json\/wp\/v2\/posts\/352\/revisions"}],"predecessor-version":[{"id":452,"href":"https:\/\/blogs.ugr.es\/almenara\/wp-json\/wp\/v2\/posts\/352\/revisions\/452"}],"wp:attachment":[{"href":"https:\/\/blogs.ugr.es\/almenara\/wp-json\/wp\/v2\/media?parent=352"}],"wp:term":[{"taxonomy":"category","embeddable":true,"href":"https:\/\/blogs.ugr.es\/almenara\/wp-json\/wp\/v2\/categories?post=352"},{"taxonomy":"post_tag","embeddable":true,"href":"https:\/\/blogs.ugr.es\/almenara\/wp-json\/wp\/v2\/tags?post=352"}],"curies":[{"name":"wp","href":"https:\/\/api.w.org\/{rel}","templated":true}]}}