{"id":297,"date":"2020-12-29T11:40:30","date_gmt":"2020-12-29T10:40:30","guid":{"rendered":"https:\/\/blogs.ugr.es\/antoniferjim\/?p=297"},"modified":"2024-04-05T20:36:06","modified_gmt":"2024-04-05T18:36:06","slug":"cual-es-el-impacto-de-la-educacion-musical","status":"publish","type":"post","link":"https:\/\/blogs.ugr.es\/antoniferjim\/cual-es-el-impacto-de-la-educacion-musical\/","title":{"rendered":"\u00bfCu\u00e1l es el impacto de la educaci\u00f3n musical?"},"content":{"rendered":"<p style=\"text-align: justify\"><img loading=\"lazy\" decoding=\"async\" class=\"alignright wp-image-300 \" src=\"https:\/\/blogs.ugr.es\/antoniferjim\/wp-content\/uploads\/sites\/86\/2020\/12\/impactmus.png\" alt=\"\" width=\"166\" height=\"167\" srcset=\"https:\/\/blogs.ugr.es\/antoniferjim\/wp-content\/uploads\/sites\/86\/2020\/12\/impactmus.png 181w, https:\/\/blogs.ugr.es\/antoniferjim\/wp-content\/uploads\/sites\/86\/2020\/12\/impactmus-150x150.png 150w\" sizes=\"auto, (max-width: 166px) 100vw, 166px\" \/>De 2015 a 2018 se desarroll\u00f3 un proyecto de I+D+i, conocido como <em>Impactmus<\/em>, que buscaba conocer cu\u00e1l era es impacto de la educaci\u00f3n musical escolar en Espa\u00f1a. Fruto de esa amplia investigaci\u00f3n se elabor\u00f3 un documental, dividido en tres cap\u00edtulos, que recoge sus resultados para darlos a conocer a toda la sociedad.<\/p>\n<p style=\"text-align: justify\">El documental recopila testimonios de educadores musicales de diferentes centros escolares de toda la geograf\u00eda espa\u00f1ola que pueden considerarse centros educativos referentes en el campo de la educaci\u00f3n musical, ya sea por unos motivos u otros como pueda ser por su aprendizaje basado en proyectos a trav\u00e9s de la m\u00fasica, por el coro del centro, etc. En el documental aparecen tambi\u00e9n las valoraciones de antiguos estudiantes acerca de c\u00f3mo influy\u00f3 en sus vidas la m\u00fasica en el colegio o en el instituto.<\/p>\n<p style=\"text-align: justify\">Puedes visualizar cada una de las partes del documental a continuaci\u00f3n:<\/p>\n<p><iframe loading=\"lazy\" title=\"El impacto de la educaci\u00f3n musical escolar en Espa\u00f1a - Parte 1\" width=\"500\" height=\"281\" src=\"https:\/\/www.youtube.com\/embed\/w7jlSHF-bwA?feature=oembed\" frameborder=\"0\" allow=\"accelerometer; autoplay; clipboard-write; encrypted-media; gyroscope; picture-in-picture; web-share\" referrerpolicy=\"strict-origin-when-cross-origin\" allowfullscreen><\/iframe><\/p>\n<p><iframe loading=\"lazy\" title=\"El impacto de la educaci\u00f3n musical escolar en Espa\u00f1a - Parte 2\" width=\"500\" height=\"281\" src=\"https:\/\/www.youtube.com\/embed\/OdOhr1caFKU?feature=oembed\" frameborder=\"0\" allow=\"accelerometer; autoplay; clipboard-write; encrypted-media; gyroscope; picture-in-picture; web-share\" referrerpolicy=\"strict-origin-when-cross-origin\" allowfullscreen><\/iframe><\/p>\n<p><iframe loading=\"lazy\" title=\"El impacto de la educaci\u00f3n musical escolar en Espa\u00f1a - Parte 3\" width=\"500\" height=\"281\" src=\"https:\/\/www.youtube.com\/embed\/JGeueYFz1Vc?feature=oembed\" frameborder=\"0\" allow=\"accelerometer; autoplay; clipboard-write; encrypted-media; gyroscope; picture-in-picture; web-share\" referrerpolicy=\"strict-origin-when-cross-origin\" allowfullscreen><\/iframe><\/p>\n<p>&nbsp;<\/p>\n<p style=\"text-align: justify\">Puedes encontrar m\u00e1s informaci\u00f3n sobre el proyecto <em>Impactmus<\/em> pulsando <a href=\"http:\/\/profmus.ugr.es\/proyecto-impactmus\/\" target=\"_blank\" rel=\"noopener noreferrer\"><strong>aqu\u00ed<\/strong><\/a>.<\/p>\n<div class=\"mejs-inner\">\n<div class=\"mejs-mediaelement\"><\/div>\n<div class=\"mejs-layers\">\n<div class=\"mejs-overlay mejs-layer mejs-overlay-play\">\n<div class=\"mejs-overlay-button\" role=\"button\" aria-label=\"Reproducir\"><\/div>\n<\/div>\n<\/div>\n<\/div>\n","protected":false},"excerpt":{"rendered":"<p>De 2015 a 2018 se desarroll\u00f3 un proyecto de I+D+i, conocido como Impactmus, que buscaba conocer cu\u00e1l era es impacto de la educaci\u00f3n musical escolar en Espa\u00f1a. Fruto de esa amplia investigaci\u00f3n se elabor\u00f3 un documental, dividido en tres cap\u00edtulos, que recoge sus resultados para darlos a conocer a toda la sociedad. El documental recopila&hellip; <a href=\"https:\/\/blogs.ugr.es\/antoniferjim\/cual-es-el-impacto-de-la-educacion-musical\/\" class=\"more-link\">Leer m\u00e1s <span class=\"screen-reader-text\">acerca de \u00bfCu\u00e1l es el impacto de la educaci\u00f3n musical?<\/span><\/a><\/p>\n","protected":false},"author":562,"featured_media":299,"comment_status":"open","ping_status":"closed","sticky":false,"template":"","format":"standard","meta":{"_genesis_hide_title":false,"_genesis_hide_breadcrumbs":false,"_genesis_hide_singular_image":false,"_genesis_hide_footer_widgets":false,"_genesis_custom_body_class":"","_genesis_custom_post_class":"","_genesis_layout":"","footnotes":""},"categories":[11,13],"tags":[33,9,34,35,36],"class_list":{"0":"post-297","1":"post","2":"type-post","3":"status-publish","4":"format-standard","5":"has-post-thumbnail","7":"category-noticias","8":"category-recursos","9":"tag-documental","10":"tag-educacion-musical","11":"tag-educacion-primaria","12":"tag-educacion-secundaria","13":"tag-impacto-educacion-musical","14":"entry"},"_links":{"self":[{"href":"https:\/\/blogs.ugr.es\/antoniferjim\/wp-json\/wp\/v2\/posts\/297","targetHints":{"allow":["GET"]}}],"collection":[{"href":"https:\/\/blogs.ugr.es\/antoniferjim\/wp-json\/wp\/v2\/posts"}],"about":[{"href":"https:\/\/blogs.ugr.es\/antoniferjim\/wp-json\/wp\/v2\/types\/post"}],"author":[{"embeddable":true,"href":"https:\/\/blogs.ugr.es\/antoniferjim\/wp-json\/wp\/v2\/users\/562"}],"replies":[{"embeddable":true,"href":"https:\/\/blogs.ugr.es\/antoniferjim\/wp-json\/wp\/v2\/comments?post=297"}],"version-history":[{"count":3,"href":"https:\/\/blogs.ugr.es\/antoniferjim\/wp-json\/wp\/v2\/posts\/297\/revisions"}],"predecessor-version":[{"id":302,"href":"https:\/\/blogs.ugr.es\/antoniferjim\/wp-json\/wp\/v2\/posts\/297\/revisions\/302"}],"wp:featuredmedia":[{"embeddable":true,"href":"https:\/\/blogs.ugr.es\/antoniferjim\/wp-json\/wp\/v2\/media\/299"}],"wp:attachment":[{"href":"https:\/\/blogs.ugr.es\/antoniferjim\/wp-json\/wp\/v2\/media?parent=297"}],"wp:term":[{"taxonomy":"category","embeddable":true,"href":"https:\/\/blogs.ugr.es\/antoniferjim\/wp-json\/wp\/v2\/categories?post=297"},{"taxonomy":"post_tag","embeddable":true,"href":"https:\/\/blogs.ugr.es\/antoniferjim\/wp-json\/wp\/v2\/tags?post=297"}],"curies":[{"name":"wp","href":"https:\/\/api.w.org\/{rel}","templated":true}]}}