{"id":396,"date":"2021-11-28T20:40:34","date_gmt":"2021-11-28T19:40:34","guid":{"rendered":"https:\/\/blogs.ugr.es\/antoniferjim\/?p=396"},"modified":"2024-04-05T20:32:08","modified_gmt":"2024-04-05T18:32:08","slug":"transitando-entre-lo-academico-y-lo-practico-para-la-educacion-musical","status":"publish","type":"post","link":"https:\/\/blogs.ugr.es\/antoniferjim\/transitando-entre-lo-academico-y-lo-practico-para-la-educacion-musical\/","title":{"rendered":"Transitando entre lo acad\u00e9mico y lo pr\u00e1ctico para la educaci\u00f3n musical"},"content":{"rendered":"<p style=\"text-align: justify\">Los pasados d\u00edas 12, 13 y 14 de noviembre se celebr\u00f3 en Cuenca el II Encuentro Internacional de Docentes de M\u00fasica \/ X Jornadas de Did\u00e1ctica de la M\u00fasica y Musicolog\u00eda donde se reunieron profesores de M\u00fasica de diferentes puntos de Espa\u00f1a (e incluso del extranjero) y de diversas etapas educativas como Educaci\u00f3n Primaria, Educaci\u00f3n Secundaria, Educaci\u00f3n Superior o Ense\u00f1anzas Elementales de M\u00fasica.<\/p>\n<p style=\"text-align: justify\">Fue un evento en el que hubo espacio para conocer las comunicaciones de investigadores que compart\u00edan sus investigaciones y proyectos realizados en el aula de M\u00fasica, as\u00ed como talleres con un enfoque m\u00e1s pr\u00e1ctico en torno a la expresi\u00f3n musical, las funciones cognitivas mediante el movimiento o el uso de las redes sociales en la educaci\u00f3n musical impartidos por referentes en su \u00e1mbito como Andrea Gir\u00e1ldez, Javier Romero o Pablo Abarca, entre otros.<\/p>\n<p style=\"text-align: justify\">En definitiva, fue un foro necesario para que docentes de M\u00fasica de diversas etapas educativas compartieran sus investigaciones, propuestas did\u00e1cticas, experiencias y testimonios acerca del desarrollo de la educaci\u00f3n musical en las aulas.<\/p>\n<p style=\"text-align: justify\">En el siguiente enlace se pueden visualizar las comunicaciones y talleres impartidos durante las sesiones del Encuentro:<\/p>\n<p><iframe loading=\"lazy\" title=\"Viernes, 12 de noviembre de 2021.  II Encuentro Internacional de Docentes de M\u00fasica de Cuenca\" width=\"500\" height=\"281\" src=\"https:\/\/www.youtube.com\/embed\/-YQ1HRj8T_U?feature=oembed\" frameborder=\"0\" allow=\"accelerometer; autoplay; clipboard-write; encrypted-media; gyroscope; picture-in-picture; web-share\" referrerpolicy=\"strict-origin-when-cross-origin\" allowfullscreen><\/iframe><\/p>\n<p>&nbsp;<\/p>\n","protected":false},"excerpt":{"rendered":"<p>Los pasados d\u00edas 12, 13 y 14 de noviembre se celebr\u00f3 en Cuenca el II Encuentro Internacional de Docentes de M\u00fasica \/ X Jornadas de Did\u00e1ctica de la M\u00fasica y Musicolog\u00eda donde se reunieron profesores de M\u00fasica de diferentes puntos de Espa\u00f1a (e incluso del extranjero) y de diversas etapas educativas como Educaci\u00f3n Primaria, Educaci\u00f3n&hellip; <a href=\"https:\/\/blogs.ugr.es\/antoniferjim\/transitando-entre-lo-academico-y-lo-practico-para-la-educacion-musical\/\" class=\"more-link\">Leer m\u00e1s <span class=\"screen-reader-text\">acerca de Transitando entre lo acad\u00e9mico y lo pr\u00e1ctico para la educaci\u00f3n musical<\/span><\/a><\/p>\n","protected":false},"author":562,"featured_media":400,"comment_status":"open","ping_status":"closed","sticky":false,"template":"","format":"standard","meta":{"_genesis_hide_title":false,"_genesis_hide_breadcrumbs":false,"_genesis_hide_singular_image":false,"_genesis_hide_footer_widgets":false,"_genesis_custom_body_class":"","_genesis_custom_post_class":"","_genesis_layout":"","footnotes":""},"categories":[11],"tags":[9,21,34,35,17,18],"class_list":{"0":"post-396","1":"post","2":"type-post","3":"status-publish","4":"format-standard","5":"has-post-thumbnail","7":"category-noticias","8":"tag-educacion-musical","9":"tag-educacion-musical-critica","10":"tag-educacion-primaria","11":"tag-educacion-secundaria","12":"tag-educacion-superior","13":"tag-formacion-docente","14":"entry"},"_links":{"self":[{"href":"https:\/\/blogs.ugr.es\/antoniferjim\/wp-json\/wp\/v2\/posts\/396","targetHints":{"allow":["GET"]}}],"collection":[{"href":"https:\/\/blogs.ugr.es\/antoniferjim\/wp-json\/wp\/v2\/posts"}],"about":[{"href":"https:\/\/blogs.ugr.es\/antoniferjim\/wp-json\/wp\/v2\/types\/post"}],"author":[{"embeddable":true,"href":"https:\/\/blogs.ugr.es\/antoniferjim\/wp-json\/wp\/v2\/users\/562"}],"replies":[{"embeddable":true,"href":"https:\/\/blogs.ugr.es\/antoniferjim\/wp-json\/wp\/v2\/comments?post=396"}],"version-history":[{"count":4,"href":"https:\/\/blogs.ugr.es\/antoniferjim\/wp-json\/wp\/v2\/posts\/396\/revisions"}],"predecessor-version":[{"id":403,"href":"https:\/\/blogs.ugr.es\/antoniferjim\/wp-json\/wp\/v2\/posts\/396\/revisions\/403"}],"wp:featuredmedia":[{"embeddable":true,"href":"https:\/\/blogs.ugr.es\/antoniferjim\/wp-json\/wp\/v2\/media\/400"}],"wp:attachment":[{"href":"https:\/\/blogs.ugr.es\/antoniferjim\/wp-json\/wp\/v2\/media?parent=396"}],"wp:term":[{"taxonomy":"category","embeddable":true,"href":"https:\/\/blogs.ugr.es\/antoniferjim\/wp-json\/wp\/v2\/categories?post=396"},{"taxonomy":"post_tag","embeddable":true,"href":"https:\/\/blogs.ugr.es\/antoniferjim\/wp-json\/wp\/v2\/tags?post=396"}],"curies":[{"name":"wp","href":"https:\/\/api.w.org\/{rel}","templated":true}]}}