{"id":389,"date":"2024-09-26T08:07:21","date_gmt":"2024-09-26T06:07:21","guid":{"rendered":"https:\/\/blogs.ugr.es\/asanred\/?p=389"},"modified":"2024-09-26T08:28:06","modified_gmt":"2024-09-26T06:28:06","slug":"jornadas-de-antropologia-visual-en-granada","status":"publish","type":"post","link":"https:\/\/blogs.ugr.es\/asanred\/jornadas-de-antropologia-visual-en-granada\/","title":{"rendered":"Jornadas Antropolog\u00eda Visual en Granada"},"content":{"rendered":"<div class=\"wp-block-image\">\n<figure class=\"aligncenter size-large\"><img loading=\"lazy\" decoding=\"async\" width=\"483\" height=\"700\" src=\"https:\/\/blogs.ugr.es\/asanred\/wp-content\/uploads\/sites\/154\/2024\/09\/CartelJornadasAntropologiaVisual-copia-1-483x700.jpg\" alt=\"\" class=\"wp-image-394\" srcset=\"https:\/\/blogs.ugr.es\/asanred\/wp-content\/uploads\/sites\/154\/2024\/09\/CartelJornadasAntropologiaVisual-copia-1-483x700.jpg 483w, https:\/\/blogs.ugr.es\/asanred\/wp-content\/uploads\/sites\/154\/2024\/09\/CartelJornadasAntropologiaVisual-copia-1-207x300.jpg 207w, https:\/\/blogs.ugr.es\/asanred\/wp-content\/uploads\/sites\/154\/2024\/09\/CartelJornadasAntropologiaVisual-copia-1.jpg 552w\" sizes=\"auto, (max-width: 483px) 100vw, 483px\" \/><\/figure>\n<\/div>\n\n\n<p>Desde la Asociaci\u00f3n Antropolog\u00eda en Red nos preocupa fomentar actividades que complementen los conocimientos adquiridos en los Grados y Escuelas de nuestra ciudad. En este caso, la situaci\u00f3n alarmante de la sobre-informaci\u00f3n medi\u00e1tica nos empuja a incluir la reflexi\u00f3n cr\u00edtica del \u00e1mbito visual en las actividades dise\u00f1adas en la asociaci\u00f3n.<\/p>\n\n\n\n<p>Nuestro principal inter\u00e9s es que las y los estudiantes ampl\u00eden sus herramientas en estudio e investigaci\u00f3n generalmente circunscritas a la narrativa textual. Por otra parte, buscamos propiciar que desarrollen el an\u00e1lisis cr\u00edtico de las representaciones visuales, tanto en la academia como en la vida social.Estudiantes y p\u00fablico en general pueden beneficiarse de esta actividad al estar dise\u00f1ada como propuesta reflexiva e inspiradora: desde el modo de mirar, a los modos de crear im\u00e1genes y su potencialidad a la hora de estudiar, narrar e investigar desde distintas disciplinas.<\/p>\n\n\n\n<p>Las jornadas se realizar\u00e1n los d\u00edas 16 y 17 de Octubre de 2024 en la Facultad de Filosof\u00eda y Letras (Aula Ana Pardo). Hora: 16:00h \u2013 20:30h<\/p>\n\n\n\n<p>Inscripciones: <a href=\"https:\/\/docs.google.com\/forms\/d\/1_weOg2zoK9HR-adPTCtdhb07dBqOOUCu9JpGpcxUQQ4\/edit?chromeless=1\">https:\/\/docs.google.com\/forms\/d\/1_weOg2zoK9HR-adPTCtdhb07dBqOOUCu9JpGpcxUQQ4\/edit?chromeless=1<\/a><\/p>\n","protected":false},"excerpt":{"rendered":"<p>Desde la Asociaci\u00f3n Antropolog\u00eda en Red nos preocupa fomentar actividades que complementen los conocimientos adquiridos en los Grados y Escuelas de nuestra ciudad. En este caso, la situaci\u00f3n alarmante de la sobre-informaci\u00f3n medi\u00e1tica nos empuja a incluir la reflexi\u00f3n cr\u00edtica del \u00e1mbito visual en las actividades dise\u00f1adas en la asociaci\u00f3n. Nuestro principal inter\u00e9s es que [&hellip;]<\/p>\n","protected":false},"author":666,"featured_media":394,"comment_status":"open","ping_status":"closed","sticky":false,"template":"","format":"aside","meta":{"footnotes":""},"categories":[9,1],"tags":[],"class_list":["post-389","post","type-post","status-publish","format-aside","has-post-thumbnail","hentry","category-asanred","category-sin-categoria","post_format-post-format-aside"],"_links":{"self":[{"href":"https:\/\/blogs.ugr.es\/asanred\/wp-json\/wp\/v2\/posts\/389","targetHints":{"allow":["GET"]}}],"collection":[{"href":"https:\/\/blogs.ugr.es\/asanred\/wp-json\/wp\/v2\/posts"}],"about":[{"href":"https:\/\/blogs.ugr.es\/asanred\/wp-json\/wp\/v2\/types\/post"}],"author":[{"embeddable":true,"href":"https:\/\/blogs.ugr.es\/asanred\/wp-json\/wp\/v2\/users\/666"}],"replies":[{"embeddable":true,"href":"https:\/\/blogs.ugr.es\/asanred\/wp-json\/wp\/v2\/comments?post=389"}],"version-history":[{"count":3,"href":"https:\/\/blogs.ugr.es\/asanred\/wp-json\/wp\/v2\/posts\/389\/revisions"}],"predecessor-version":[{"id":401,"href":"https:\/\/blogs.ugr.es\/asanred\/wp-json\/wp\/v2\/posts\/389\/revisions\/401"}],"wp:featuredmedia":[{"embeddable":true,"href":"https:\/\/blogs.ugr.es\/asanred\/wp-json\/wp\/v2\/media\/394"}],"wp:attachment":[{"href":"https:\/\/blogs.ugr.es\/asanred\/wp-json\/wp\/v2\/media?parent=389"}],"wp:term":[{"taxonomy":"category","embeddable":true,"href":"https:\/\/blogs.ugr.es\/asanred\/wp-json\/wp\/v2\/categories?post=389"},{"taxonomy":"post_tag","embeddable":true,"href":"https:\/\/blogs.ugr.es\/asanred\/wp-json\/wp\/v2\/tags?post=389"}],"curies":[{"name":"wp","href":"https:\/\/api.w.org\/{rel}","templated":true}]}}