{"id":425,"date":"2024-12-03T10:21:03","date_gmt":"2024-12-03T09:21:03","guid":{"rendered":"https:\/\/blogs.ugr.es\/asanred\/?p=425"},"modified":"2024-12-03T10:21:08","modified_gmt":"2024-12-03T09:21:08","slug":"la-mujer-en-la-historia-de-la-fotografia-con-carmen-rivero","status":"publish","type":"post","link":"https:\/\/blogs.ugr.es\/asanred\/la-mujer-en-la-historia-de-la-fotografia-con-carmen-rivero\/","title":{"rendered":"La mujer en la historia de la fotograf\u00eda, con Carmen Rivero"},"content":{"rendered":"\n<p>El pasado viernes 22 de noviembre tuvimos la gran oportunidad de contar con Carmen Rivero y su Masterclass titulada \u00abLa mujer en la historia de la fotograf\u00eda\u00bb.<\/p>\n\n\n\n<p>La presentaci\u00f3n tuvo como objetivo visualizar el rol que las mujeres han cumplido en la historia de la fotograf\u00eda. <\/p>\n\n\n\n<p>A trav\u00e9s de la revisi\u00f3n del trabajo de fot\u00f3grafas que influyeron en el medio a finales del siglo diecinueve y siglo veinte, se ha ilustrado cu\u00e1l fue el papel que cumplieron en la configuraci\u00f3n del medio fotogr\u00e1fico y el porqu\u00e9 de la invisibilidad de muchas de sus obras.Ha sido un placer compartir este espacio de reflexi\u00f3n y aprendizaje y estamos muy agradecidas por el inter\u00e9s y participaci\u00f3n de todas las personas asistentes.<\/p>\n\n\n\n<p>\u00a1\u00a1Nos quedamos con ganas de una segunda parte!!&#8230;<\/p>\n\n\n\n<figure class=\"wp-block-image size-large\"><img loading=\"lazy\" decoding=\"async\" width=\"700\" height=\"674\" src=\"https:\/\/blogs.ugr.es\/asanred\/wp-content\/uploads\/sites\/154\/2024\/11\/IMG_20241130_092719_142-700x674.jpg\" alt=\"\" class=\"wp-image-428\" srcset=\"https:\/\/blogs.ugr.es\/asanred\/wp-content\/uploads\/sites\/154\/2024\/11\/IMG_20241130_092719_142-700x674.jpg 700w, https:\/\/blogs.ugr.es\/asanred\/wp-content\/uploads\/sites\/154\/2024\/11\/IMG_20241130_092719_142-300x289.jpg 300w, https:\/\/blogs.ugr.es\/asanred\/wp-content\/uploads\/sites\/154\/2024\/11\/IMG_20241130_092719_142.jpg 800w\" sizes=\"auto, (max-width: 700px) 100vw, 700px\" \/><\/figure>\n","protected":false},"excerpt":{"rendered":"<p>El pasado viernes 22 de noviembre tuvimos la gran oportunidad de contar con Carmen Rivero y su Masterclass titulada \u00abLa mujer en la historia de la fotograf\u00eda\u00bb. La presentaci\u00f3n tuvo como objetivo visualizar el rol que las mujeres han cumplido en la historia de la fotograf\u00eda. A trav\u00e9s de la revisi\u00f3n del trabajo de fot\u00f3grafas [&hellip;]<\/p>\n","protected":false},"author":666,"featured_media":429,"comment_status":"open","ping_status":"closed","sticky":false,"template":"","format":"aside","meta":{"footnotes":""},"categories":[1],"tags":[],"class_list":["post-425","post","type-post","status-publish","format-aside","has-post-thumbnail","hentry","category-sin-categoria","post_format-post-format-aside"],"_links":{"self":[{"href":"https:\/\/blogs.ugr.es\/asanred\/wp-json\/wp\/v2\/posts\/425","targetHints":{"allow":["GET"]}}],"collection":[{"href":"https:\/\/blogs.ugr.es\/asanred\/wp-json\/wp\/v2\/posts"}],"about":[{"href":"https:\/\/blogs.ugr.es\/asanred\/wp-json\/wp\/v2\/types\/post"}],"author":[{"embeddable":true,"href":"https:\/\/blogs.ugr.es\/asanred\/wp-json\/wp\/v2\/users\/666"}],"replies":[{"embeddable":true,"href":"https:\/\/blogs.ugr.es\/asanred\/wp-json\/wp\/v2\/comments?post=425"}],"version-history":[{"count":3,"href":"https:\/\/blogs.ugr.es\/asanred\/wp-json\/wp\/v2\/posts\/425\/revisions"}],"predecessor-version":[{"id":435,"href":"https:\/\/blogs.ugr.es\/asanred\/wp-json\/wp\/v2\/posts\/425\/revisions\/435"}],"wp:featuredmedia":[{"embeddable":true,"href":"https:\/\/blogs.ugr.es\/asanred\/wp-json\/wp\/v2\/media\/429"}],"wp:attachment":[{"href":"https:\/\/blogs.ugr.es\/asanred\/wp-json\/wp\/v2\/media?parent=425"}],"wp:term":[{"taxonomy":"category","embeddable":true,"href":"https:\/\/blogs.ugr.es\/asanred\/wp-json\/wp\/v2\/categories?post=425"},{"taxonomy":"post_tag","embeddable":true,"href":"https:\/\/blogs.ugr.es\/asanred\/wp-json\/wp\/v2\/tags?post=425"}],"curies":[{"name":"wp","href":"https:\/\/api.w.org\/{rel}","templated":true}]}}