{"id":505,"date":"2025-03-24T17:25:31","date_gmt":"2025-03-24T16:25:31","guid":{"rendered":"https:\/\/blogs.ugr.es\/asanred\/?p=505"},"modified":"2025-03-24T17:25:35","modified_gmt":"2025-03-24T16:25:35","slug":"hablar-en-publico-un-taller-para-ganar-seguridad-en-accion","status":"publish","type":"post","link":"https:\/\/blogs.ugr.es\/asanred\/hablar-en-publico-un-taller-para-ganar-seguridad-en-accion\/","title":{"rendered":"HABLAR EN P\u00daBLICO: UN TALLER PARA GANAR SEGURIDAD EN ACCI\u00d3N"},"content":{"rendered":"\n<h2 class=\"wp-block-heading\">JUAN CARLOS CARRETERO<\/h2>\n\n\n\n<p>Si eres de esas personas a las que no les resulta f\u00e1cil hablar en p\u00fablico, o s\u00edmplemente te gustar\u00eda mejorar la forma en que haces tus exposiciones orales, \u00a1Est\u00e1s de suerte!<\/p>\n\n\n\n<div class=\"wp-block-uagb-image uagb-block-7cd94d52 wp-block-uagb-image--layout-default wp-block-uagb-image--effect-static wp-block-uagb-image--align-none\"><figure class=\"wp-block-uagb-image__figure\"><img decoding=\"async\" src=\"https:\/\/blogs.ugr.es\/asanred\/wp-content\/uploads\/sites\/154\/2025\/03\/Habalr-en-Publico-ASANRed-2-578x700.jpg\" alt=\"\" class=\"uag-image-507\" width=\"494\" height=\"700\" title=\"Habalr en P\u00fablico ASANRed (2)\" loading=\"lazy\" role=\"img\" \/><\/figure><\/div>\n\n\n\n<p>Este es un taller pr\u00e1ctico y din\u00e1mico para aprender a hablar en p\u00fablico con seguridad. Descubrir\u00e1s t\u00e9cnicas para manejar los nervios antes y durante una presentaci\u00f3n a trav\u00e9s de ejercicios din\u00e1micos y divertidos dise\u00f1ados para ganar confianza de manera progresiva en un ambiente amigable y sin juicios.<\/p>\n\n\n\n<p>Aprender\u00e1s a estructurar tu discurso de forma clara y efectiva para que tu mensaje llegue con impacto.<\/p>\n\n\n\n<p>Mejorar\u00e1s la confianza en tus presentaciones orales.<\/p>\n\n\n\n<p>\u00a1No lo dudes, ap\u00fantate ya!<\/p>\n\n\n\n<div class=\"wp-block-uagb-separator uagb-block-e6dacbb2\"><div class=\"wp-block-uagb-separator__inner\" style=\"--my-background-image:\"><\/div><\/div>\n\n\n\n<p><strong>No necesitas experiencia previa<\/strong>.<\/p>\n\n\n\n<p><strong>Horario: d\u00edas 1, 3 y 7 de abril, de 17.30 a 20h<\/strong><\/p>\n\n\n\n<p><strong>Precio:<\/strong><\/p>\n\n\n\n<ul class=\"wp-block-list\">\n<li>5\u20ac Estudiantes (Los estudiantes deber\u00e1n aportar comprobante de matr\u00edcula)<\/li>\n\n\n\n<li>10\u20ac General<\/li>\n\n\n\n<li>Gratuito para socios ASANRed<\/li>\n<\/ul>\n\n\n\n<p>Plazas hasta completar aforo. Se recomienda reserva previa en &#97;&#x73;&#97;&#x6e;&#114;&#x65;d&#x61;n&#x74;r&#111;&#x70;&#111;&#x6c;&#111;&#x67;&#105;&#x61;&#64;&#x67;m&#x61;i&#108;&#x2e;&#99;&#x6f;&#109;<\/p>\n\n\n\n<p>Se recomienda traer papel y bol\u00edgrafo. \u00a1Nos vemos pronto!<\/p>\n","protected":false},"excerpt":{"rendered":"<p>JUAN CARLOS CARRETERO Si eres de esas personas a las que no les resulta f\u00e1cil hablar en p\u00fablico, o s\u00edmplemente te gustar\u00eda mejorar la forma en que haces tus exposiciones orales, \u00a1Est\u00e1s de suerte! Este es un taller pr\u00e1ctico y din\u00e1mico para aprender a hablar en p\u00fablico con seguridad. Descubrir\u00e1s t\u00e9cnicas para manejar los nervios [&hellip;]<\/p>\n","protected":false},"author":666,"featured_media":0,"comment_status":"open","ping_status":"closed","sticky":false,"template":"","format":"aside","meta":{"footnotes":""},"categories":[1],"tags":[],"class_list":["post-505","post","type-post","status-publish","format-aside","hentry","category-sin-categoria","post_format-post-format-aside"],"_links":{"self":[{"href":"https:\/\/blogs.ugr.es\/asanred\/wp-json\/wp\/v2\/posts\/505","targetHints":{"allow":["GET"]}}],"collection":[{"href":"https:\/\/blogs.ugr.es\/asanred\/wp-json\/wp\/v2\/posts"}],"about":[{"href":"https:\/\/blogs.ugr.es\/asanred\/wp-json\/wp\/v2\/types\/post"}],"author":[{"embeddable":true,"href":"https:\/\/blogs.ugr.es\/asanred\/wp-json\/wp\/v2\/users\/666"}],"replies":[{"embeddable":true,"href":"https:\/\/blogs.ugr.es\/asanred\/wp-json\/wp\/v2\/comments?post=505"}],"version-history":[{"count":1,"href":"https:\/\/blogs.ugr.es\/asanred\/wp-json\/wp\/v2\/posts\/505\/revisions"}],"predecessor-version":[{"id":508,"href":"https:\/\/blogs.ugr.es\/asanred\/wp-json\/wp\/v2\/posts\/505\/revisions\/508"}],"wp:attachment":[{"href":"https:\/\/blogs.ugr.es\/asanred\/wp-json\/wp\/v2\/media?parent=505"}],"wp:term":[{"taxonomy":"category","embeddable":true,"href":"https:\/\/blogs.ugr.es\/asanred\/wp-json\/wp\/v2\/categories?post=505"},{"taxonomy":"post_tag","embeddable":true,"href":"https:\/\/blogs.ugr.es\/asanred\/wp-json\/wp\/v2\/tags?post=505"}],"curies":[{"name":"wp","href":"https:\/\/api.w.org\/{rel}","templated":true}]}}