{"id":376,"date":"2023-09-07T18:05:20","date_gmt":"2023-09-07T16:05:20","guid":{"rendered":"https:\/\/blogs.ugr.es\/catedra-filosofiasocial\/?p=376"},"modified":"2023-09-13T12:45:16","modified_gmt":"2023-09-13T10:45:16","slug":"reunion-de-trabajo-de-la-linea-de-investigacion-y-estudios","status":"publish","type":"post","link":"https:\/\/blogs.ugr.es\/catedra-filosofiasocial\/reunion-de-trabajo-de-la-linea-de-investigacion-y-estudios\/","title":{"rendered":"Reuni\u00f3n de trabajo de la l\u00ednea de investigaci\u00f3n y estudios"},"content":{"rendered":"<p><img loading=\"lazy\" decoding=\"async\" class=\"alignnone size-medium wp-image-377\" src=\"https:\/\/blogs.ugr.es\/catedra-filosofiasocial\/wp-content\/uploads\/sites\/141\/2023\/09\/WhatsApp-Image-2023-09-07-at-10.52.38-225x300.jpeg\" alt=\"\" width=\"225\" height=\"300\" srcset=\"https:\/\/blogs.ugr.es\/catedra-filosofiasocial\/wp-content\/uploads\/sites\/141\/2023\/09\/WhatsApp-Image-2023-09-07-at-10.52.38-225x300.jpeg 225w, https:\/\/blogs.ugr.es\/catedra-filosofiasocial\/wp-content\/uploads\/sites\/141\/2023\/09\/WhatsApp-Image-2023-09-07-at-10.52.38-525x700.jpeg 525w, https:\/\/blogs.ugr.es\/catedra-filosofiasocial\/wp-content\/uploads\/sites\/141\/2023\/09\/WhatsApp-Image-2023-09-07-at-10.52.38.jpeg 600w\" sizes=\"auto, (max-width: 225px) 100vw, 225px\" \/><\/p>\n<p>Una parte del equipo de trabajo de la C\u00e1tedra hemos tenido esta ma\u00f1ana una sesi\u00f3n de trabajo con los responsables de <a href=\"https:\/\/zies.es\/\">Zies<\/a> para evaluar los resultados iniciales del trabajo de investigaci\u00f3n que se puso en marcha el pasado mes de julio y para dise\u00f1ar las siguientes fases del estudio que llevaremos a cabo.<\/p>\n","protected":false},"excerpt":{"rendered":"<p>Una parte del equipo de trabajo de la C\u00e1tedra hemos tenido esta ma\u00f1ana una sesi\u00f3n de trabajo con los responsables de Zies para evaluar los resultados iniciales del trabajo de investigaci\u00f3n que se puso en marcha el pasado mes de julio y para dise\u00f1ar las siguientes fases del estudio que llevaremos a cabo.<\/p>\n","protected":false},"author":58,"featured_media":0,"comment_status":"open","ping_status":"closed","sticky":false,"template":"","format":"standard","meta":{"_genesis_hide_title":false,"_genesis_hide_breadcrumbs":false,"_genesis_hide_singular_image":false,"_genesis_hide_footer_widgets":false,"_genesis_custom_body_class":"","_genesis_custom_post_class":"","_genesis_layout":"","footnotes":""},"categories":[19],"tags":[20,21],"class_list":{"0":"post-376","1":"post","2":"type-post","3":"status-publish","4":"format-standard","6":"category-actualidad","7":"tag-investigacion","8":"tag-trabajo-en-curso","9":"entry"},"_links":{"self":[{"href":"https:\/\/blogs.ugr.es\/catedra-filosofiasocial\/wp-json\/wp\/v2\/posts\/376","targetHints":{"allow":["GET"]}}],"collection":[{"href":"https:\/\/blogs.ugr.es\/catedra-filosofiasocial\/wp-json\/wp\/v2\/posts"}],"about":[{"href":"https:\/\/blogs.ugr.es\/catedra-filosofiasocial\/wp-json\/wp\/v2\/types\/post"}],"author":[{"embeddable":true,"href":"https:\/\/blogs.ugr.es\/catedra-filosofiasocial\/wp-json\/wp\/v2\/users\/58"}],"replies":[{"embeddable":true,"href":"https:\/\/blogs.ugr.es\/catedra-filosofiasocial\/wp-json\/wp\/v2\/comments?post=376"}],"version-history":[{"count":2,"href":"https:\/\/blogs.ugr.es\/catedra-filosofiasocial\/wp-json\/wp\/v2\/posts\/376\/revisions"}],"predecessor-version":[{"id":379,"href":"https:\/\/blogs.ugr.es\/catedra-filosofiasocial\/wp-json\/wp\/v2\/posts\/376\/revisions\/379"}],"wp:attachment":[{"href":"https:\/\/blogs.ugr.es\/catedra-filosofiasocial\/wp-json\/wp\/v2\/media?parent=376"}],"wp:term":[{"taxonomy":"category","embeddable":true,"href":"https:\/\/blogs.ugr.es\/catedra-filosofiasocial\/wp-json\/wp\/v2\/categories?post=376"},{"taxonomy":"post_tag","embeddable":true,"href":"https:\/\/blogs.ugr.es\/catedra-filosofiasocial\/wp-json\/wp\/v2\/tags?post=376"}],"curies":[{"name":"wp","href":"https:\/\/api.w.org\/{rel}","templated":true}]}}