{"id":535,"date":"2024-09-22T10:52:05","date_gmt":"2024-09-22T08:52:05","guid":{"rendered":"https:\/\/blogs.ugr.es\/catedra-filosofiasocial\/?p=535"},"modified":"2024-09-22T10:52:05","modified_gmt":"2024-09-22T08:52:05","slug":"participacion-en-los-dialogos-filosoficos-de-la-aafi","status":"publish","type":"post","link":"https:\/\/blogs.ugr.es\/catedra-filosofiasocial\/participacion-en-los-dialogos-filosoficos-de-la-aafi\/","title":{"rendered":"Participaci\u00f3n en Los Di\u00e1logos Filos\u00f3ficos de la AAFi"},"content":{"rendered":"<p><img loading=\"lazy\" decoding=\"async\" class=\" wp-image-536 aligncenter\" src=\"https:\/\/blogs.ugr.es\/catedra-filosofiasocial\/wp-content\/uploads\/sites\/141\/2024\/09\/jose-luis-moreno.jpg\" alt=\"\" width=\"345\" height=\"345\" srcset=\"https:\/\/blogs.ugr.es\/catedra-filosofiasocial\/wp-content\/uploads\/sites\/141\/2024\/09\/jose-luis-moreno.jpg 400w, https:\/\/blogs.ugr.es\/catedra-filosofiasocial\/wp-content\/uploads\/sites\/141\/2024\/09\/jose-luis-moreno-300x300.jpg 300w, https:\/\/blogs.ugr.es\/catedra-filosofiasocial\/wp-content\/uploads\/sites\/141\/2024\/09\/jose-luis-moreno-150x150.jpg 150w\" sizes=\"auto, (max-width: 345px) 100vw, 345px\" \/><\/p>\n<p>Jos\u00e9 Luis Moreno Pesta\u00f1a, director de la C\u00e1tedra, participar\u00e1, el viernes 27 de septiembre de 2024 a las 19:30 horas, en <em>Los Di\u00e1logos Filos\u00f3ficos de la AAFi<\/em> con una intervenci\u00f3n sobre la experiencia de la explotaci\u00f3n. La actividad est\u00e1 organizada por la <a href=\"https:\/\/aafi.es\/\">Asociaci\u00f3n Andaluza de Filosof\u00eda<\/a> y podr\u00e1 seguirse online. Toda la informaci\u00f3n est\u00e1 disponible en este <a href=\"https:\/\/aafi.es\/los-dialogos-filosoficos-de-la-aafi-viernes-27-de-septiembre-de-2024-a-las-1930-horas-con-jose-luis-moreno-pestana-profesor-de-filosofia-moral-en-la-universidad-de-granada\/\">enlace<\/a>.<\/p>\n","protected":false},"excerpt":{"rendered":"<p>Jos\u00e9 Luis Moreno Pesta\u00f1a, director de la C\u00e1tedra, participar\u00e1, el viernes 27 de septiembre de 2024 a las 19:30 horas, en Los Di\u00e1logos Filos\u00f3ficos de la AAFi con una intervenci\u00f3n sobre la experiencia de la explotaci\u00f3n. La actividad est\u00e1 organizada por la Asociaci\u00f3n Andaluza de Filosof\u00eda y podr\u00e1 seguirse online. Toda la informaci\u00f3n est\u00e1 disponible [&hellip;]<\/p>\n","protected":false},"author":58,"featured_media":537,"comment_status":"open","ping_status":"closed","sticky":false,"template":"","format":"standard","meta":{"_genesis_hide_title":false,"_genesis_hide_breadcrumbs":false,"_genesis_hide_singular_image":false,"_genesis_hide_footer_widgets":false,"_genesis_custom_body_class":"","_genesis_custom_post_class":"","_genesis_layout":"","footnotes":""},"categories":[19,10,11],"tags":[20,21,24],"class_list":{"0":"post-535","1":"post","2":"type-post","3":"status-publish","4":"format-standard","5":"has-post-thumbnail","7":"category-actualidad","8":"category-formacion","9":"category-transferencia","10":"tag-investigacion","11":"tag-trabajo-en-curso","12":"tag-transferencia","13":"entry"},"_links":{"self":[{"href":"https:\/\/blogs.ugr.es\/catedra-filosofiasocial\/wp-json\/wp\/v2\/posts\/535","targetHints":{"allow":["GET"]}}],"collection":[{"href":"https:\/\/blogs.ugr.es\/catedra-filosofiasocial\/wp-json\/wp\/v2\/posts"}],"about":[{"href":"https:\/\/blogs.ugr.es\/catedra-filosofiasocial\/wp-json\/wp\/v2\/types\/post"}],"author":[{"embeddable":true,"href":"https:\/\/blogs.ugr.es\/catedra-filosofiasocial\/wp-json\/wp\/v2\/users\/58"}],"replies":[{"embeddable":true,"href":"https:\/\/blogs.ugr.es\/catedra-filosofiasocial\/wp-json\/wp\/v2\/comments?post=535"}],"version-history":[{"count":1,"href":"https:\/\/blogs.ugr.es\/catedra-filosofiasocial\/wp-json\/wp\/v2\/posts\/535\/revisions"}],"predecessor-version":[{"id":538,"href":"https:\/\/blogs.ugr.es\/catedra-filosofiasocial\/wp-json\/wp\/v2\/posts\/535\/revisions\/538"}],"wp:featuredmedia":[{"embeddable":true,"href":"https:\/\/blogs.ugr.es\/catedra-filosofiasocial\/wp-json\/wp\/v2\/media\/537"}],"wp:attachment":[{"href":"https:\/\/blogs.ugr.es\/catedra-filosofiasocial\/wp-json\/wp\/v2\/media?parent=535"}],"wp:term":[{"taxonomy":"category","embeddable":true,"href":"https:\/\/blogs.ugr.es\/catedra-filosofiasocial\/wp-json\/wp\/v2\/categories?post=535"},{"taxonomy":"post_tag","embeddable":true,"href":"https:\/\/blogs.ugr.es\/catedra-filosofiasocial\/wp-json\/wp\/v2\/tags?post=535"}],"curies":[{"name":"wp","href":"https:\/\/api.w.org\/{rel}","templated":true}]}}