{"id":562,"date":"2024-11-20T11:01:31","date_gmt":"2024-11-20T10:01:31","guid":{"rendered":"https:\/\/blogs.ugr.es\/catedra-filosofiasocial\/?p=562"},"modified":"2024-11-20T11:20:47","modified_gmt":"2024-11-20T10:20:47","slug":"conferencia-de-pablo-lopez-en-la-ugr-utopia-y-extenuacion-del-cuerpo-productivo","status":"publish","type":"post","link":"https:\/\/blogs.ugr.es\/catedra-filosofiasocial\/conferencia-de-pablo-lopez-en-la-ugr-utopia-y-extenuacion-del-cuerpo-productivo\/","title":{"rendered":"Conferencia de Pablo L\u00f3pez en la UGR: \u201cUtop\u00eda y extenuaci\u00f3n del cuerpo productivo\u201d"},"content":{"rendered":"<p><img loading=\"lazy\" decoding=\"async\" class=\"alignnone size-full wp-image-566\" src=\"https:\/\/blogs.ugr.es\/catedra-filosofiasocial\/wp-content\/uploads\/sites\/141\/2024\/11\/CONFERENCIA-INAUGURAL-MASTER-EN-FILOSOFIA-CONTEMPORANEA-2.jpg\" alt=\"\" width=\"566\" height=\"800\" srcset=\"https:\/\/blogs.ugr.es\/catedra-filosofiasocial\/wp-content\/uploads\/sites\/141\/2024\/11\/CONFERENCIA-INAUGURAL-MASTER-EN-FILOSOFIA-CONTEMPORANEA-2.jpg 566w, https:\/\/blogs.ugr.es\/catedra-filosofiasocial\/wp-content\/uploads\/sites\/141\/2024\/11\/CONFERENCIA-INAUGURAL-MASTER-EN-FILOSOFIA-CONTEMPORANEA-2-212x300.jpg 212w, https:\/\/blogs.ugr.es\/catedra-filosofiasocial\/wp-content\/uploads\/sites\/141\/2024\/11\/CONFERENCIA-INAUGURAL-MASTER-EN-FILOSOFIA-CONTEMPORANEA-2-495x700.jpg 495w\" sizes=\"auto, (max-width: 566px) 100vw, 566px\" \/><\/p>\n<p>El pr\u00f3ximo 5 de diciembre el profesor de la Universidad Complutense de Madrid Pablo L\u00f3pez \u00c1lvarez visitar\u00e1 la Universidad de Granada en el marco de la inauguraci\u00f3n del M\u00e1ster de Filosof\u00eda Contempor\u00e1nea de dicha universidad. Ofrecer\u00e1 una conferencia organizada por la C\u00e1tedra Extraordinaria de Filosof\u00eda Social de la Discriminaci\u00f3n Corporal titulada \u201cUtop\u00eda y extenuaci\u00f3n del cuerpo productivo. Neoliberalismo y trabajo\u201d. Tendr\u00e1 lugar en el Aula Magna de la Facultad de Psicolog\u00eda a las 15:30h. Os esperamos.<\/p>\n","protected":false},"excerpt":{"rendered":"<p>El pr\u00f3ximo 5 de diciembre el profesor de la Universidad Complutense de Madrid Pablo L\u00f3pez \u00c1lvarez visitar\u00e1 la Universidad de Granada en el marco de la inauguraci\u00f3n del M\u00e1ster de Filosof\u00eda Contempor\u00e1nea de dicha universidad. Ofrecer\u00e1 una conferencia organizada por la C\u00e1tedra Extraordinaria de Filosof\u00eda Social de la Discriminaci\u00f3n Corporal titulada \u201cUtop\u00eda y extenuaci\u00f3n del [&hellip;]<\/p>\n","protected":false},"author":58,"featured_media":0,"comment_status":"open","ping_status":"closed","sticky":false,"template":"","format":"standard","meta":{"_genesis_hide_title":false,"_genesis_hide_breadcrumbs":false,"_genesis_hide_singular_image":false,"_genesis_hide_footer_widgets":false,"_genesis_custom_body_class":"","_genesis_custom_post_class":"","_genesis_layout":"","footnotes":""},"categories":[19,11],"tags":[],"class_list":{"0":"post-562","1":"post","2":"type-post","3":"status-publish","4":"format-standard","6":"category-actualidad","7":"category-transferencia","8":"entry"},"_links":{"self":[{"href":"https:\/\/blogs.ugr.es\/catedra-filosofiasocial\/wp-json\/wp\/v2\/posts\/562","targetHints":{"allow":["GET"]}}],"collection":[{"href":"https:\/\/blogs.ugr.es\/catedra-filosofiasocial\/wp-json\/wp\/v2\/posts"}],"about":[{"href":"https:\/\/blogs.ugr.es\/catedra-filosofiasocial\/wp-json\/wp\/v2\/types\/post"}],"author":[{"embeddable":true,"href":"https:\/\/blogs.ugr.es\/catedra-filosofiasocial\/wp-json\/wp\/v2\/users\/58"}],"replies":[{"embeddable":true,"href":"https:\/\/blogs.ugr.es\/catedra-filosofiasocial\/wp-json\/wp\/v2\/comments?post=562"}],"version-history":[{"count":2,"href":"https:\/\/blogs.ugr.es\/catedra-filosofiasocial\/wp-json\/wp\/v2\/posts\/562\/revisions"}],"predecessor-version":[{"id":567,"href":"https:\/\/blogs.ugr.es\/catedra-filosofiasocial\/wp-json\/wp\/v2\/posts\/562\/revisions\/567"}],"wp:attachment":[{"href":"https:\/\/blogs.ugr.es\/catedra-filosofiasocial\/wp-json\/wp\/v2\/media?parent=562"}],"wp:term":[{"taxonomy":"category","embeddable":true,"href":"https:\/\/blogs.ugr.es\/catedra-filosofiasocial\/wp-json\/wp\/v2\/categories?post=562"},{"taxonomy":"post_tag","embeddable":true,"href":"https:\/\/blogs.ugr.es\/catedra-filosofiasocial\/wp-json\/wp\/v2\/tags?post=562"}],"curies":[{"name":"wp","href":"https:\/\/api.w.org\/{rel}","templated":true}]}}