{"id":627,"date":"2025-05-08T09:19:25","date_gmt":"2025-05-08T07:19:25","guid":{"rendered":"https:\/\/blogs.ugr.es\/catedra-filosofiasocial\/?p=627"},"modified":"2025-05-08T09:19:25","modified_gmt":"2025-05-08T07:19:25","slug":"presentacion-de-la-catedra-en-paris-que-significa-la-discriminacion-corporal-en-el-trabajo","status":"publish","type":"post","link":"https:\/\/blogs.ugr.es\/catedra-filosofiasocial\/presentacion-de-la-catedra-en-paris-que-significa-la-discriminacion-corporal-en-el-trabajo\/","title":{"rendered":"Presentaci\u00f3n de la C\u00e1tedra en Par\u00eds: \u00bfQu\u00e9 significa la discriminaci\u00f3n corporal en el trabajo?"},"content":{"rendered":"<p><img loading=\"lazy\" decoding=\"async\" class=\"alignnone wp-image-628 size-full\" src=\"https:\/\/blogs.ugr.es\/catedra-filosofiasocial\/wp-content\/uploads\/sites\/141\/2025\/05\/WhatsApp-Image-2025-05-08-at-09.08.07.jpeg\" alt=\"\" width=\"566\" height=\"800\" srcset=\"https:\/\/blogs.ugr.es\/catedra-filosofiasocial\/wp-content\/uploads\/sites\/141\/2025\/05\/WhatsApp-Image-2025-05-08-at-09.08.07.jpeg 566w, https:\/\/blogs.ugr.es\/catedra-filosofiasocial\/wp-content\/uploads\/sites\/141\/2025\/05\/WhatsApp-Image-2025-05-08-at-09.08.07-212x300.jpeg 212w, https:\/\/blogs.ugr.es\/catedra-filosofiasocial\/wp-content\/uploads\/sites\/141\/2025\/05\/WhatsApp-Image-2025-05-08-at-09.08.07-495x700.jpeg 495w\" sizes=\"auto, (max-width: 566px) 100vw, 566px\" \/><\/p>\n<p>El pr\u00f3ximo jueves 22 de mayo se presentar\u00e1 la C\u00e1tedra Extraordinaria de Filosof\u00eda Social de la Discriminaci\u00f3n corporal en el Colegio de Espa\u00f1a de Par\u00eds, en una actividad organizada por Alfredro S\u00e1nchez Santiago con la participaci\u00f3n de Jos\u00e9 Luis Moreno Pesta\u00f1a. Tendr\u00e1 lugar a las 18h.<\/p>\n","protected":false},"excerpt":{"rendered":"<p>El pr\u00f3ximo jueves 22 de mayo se presentar\u00e1 la C\u00e1tedra Extraordinaria de Filosof\u00eda Social de la Discriminaci\u00f3n corporal en el Colegio de Espa\u00f1a de Par\u00eds, en una actividad organizada por Alfredro S\u00e1nchez Santiago con la participaci\u00f3n de Jos\u00e9 Luis Moreno Pesta\u00f1a. Tendr\u00e1 lugar a las 18h.<\/p>\n","protected":false},"author":58,"featured_media":0,"comment_status":"open","ping_status":"closed","sticky":false,"template":"","format":"standard","meta":{"_genesis_hide_title":false,"_genesis_hide_breadcrumbs":false,"_genesis_hide_singular_image":false,"_genesis_hide_footer_widgets":false,"_genesis_custom_body_class":"","_genesis_custom_post_class":"","_genesis_layout":"","footnotes":""},"categories":[17],"tags":[],"class_list":{"0":"post-627","1":"post","2":"type-post","3":"status-publish","4":"format-standard","6":"category-presentacion-de-la-catedra","7":"entry"},"_links":{"self":[{"href":"https:\/\/blogs.ugr.es\/catedra-filosofiasocial\/wp-json\/wp\/v2\/posts\/627","targetHints":{"allow":["GET"]}}],"collection":[{"href":"https:\/\/blogs.ugr.es\/catedra-filosofiasocial\/wp-json\/wp\/v2\/posts"}],"about":[{"href":"https:\/\/blogs.ugr.es\/catedra-filosofiasocial\/wp-json\/wp\/v2\/types\/post"}],"author":[{"embeddable":true,"href":"https:\/\/blogs.ugr.es\/catedra-filosofiasocial\/wp-json\/wp\/v2\/users\/58"}],"replies":[{"embeddable":true,"href":"https:\/\/blogs.ugr.es\/catedra-filosofiasocial\/wp-json\/wp\/v2\/comments?post=627"}],"version-history":[{"count":1,"href":"https:\/\/blogs.ugr.es\/catedra-filosofiasocial\/wp-json\/wp\/v2\/posts\/627\/revisions"}],"predecessor-version":[{"id":629,"href":"https:\/\/blogs.ugr.es\/catedra-filosofiasocial\/wp-json\/wp\/v2\/posts\/627\/revisions\/629"}],"wp:attachment":[{"href":"https:\/\/blogs.ugr.es\/catedra-filosofiasocial\/wp-json\/wp\/v2\/media?parent=627"}],"wp:term":[{"taxonomy":"category","embeddable":true,"href":"https:\/\/blogs.ugr.es\/catedra-filosofiasocial\/wp-json\/wp\/v2\/categories?post=627"},{"taxonomy":"post_tag","embeddable":true,"href":"https:\/\/blogs.ugr.es\/catedra-filosofiasocial\/wp-json\/wp\/v2\/tags?post=627"}],"curies":[{"name":"wp","href":"https:\/\/api.w.org\/{rel}","templated":true}]}}