{"id":200,"date":"2025-09-08T11:06:54","date_gmt":"2025-09-08T09:06:54","guid":{"rendered":"https:\/\/blogs.ugr.es\/cicode-experiencias\/?p=200"},"modified":"2025-12-16T12:11:56","modified_gmt":"2025-12-16T11:11:56","slug":"paula-cervera-rodriguez","status":"publish","type":"post","link":"https:\/\/blogs.ugr.es\/cicode-experiencias\/paula-cervera-rodriguez\/","title":{"rendered":"Una experiencia inolvidable. Paula Cervera Rodr\u00edguez"},"content":{"rendered":"<p>&nbsp;<\/p>\n<p><strong>Recibida por la fiesta al Dios Sol. 27 de junio de 2025.\u00a0<\/strong><\/p>\n<p>El d\u00eda 23 sal\u00eda de Madrid con una maleta llena de ilusiones y tambi\u00e9n de miedos, tras 16 horas de viaje llegaba a la ciudad de Cusco, la que iba a ser mi hogar durante los pr\u00f3ximos 2 meses. A la ma\u00f1ana siguiente Cusco me recib\u00eda con su fiesta m\u00e1s importante, el Inti Raymi, una celebraci\u00f3n llena de colores, tradiciones, danzas, m\u00fasica y alegr\u00eda. \u00bfA caso pude tener un mejor recibimiento? A pesar de eso el primer d\u00eda fue un poco dif\u00edcil, el cansancio, el estr\u00e9s y los nervios me impidieron disfrutar plenamente de esta celebraci\u00f3n; aun as\u00ed fue un d\u00eda inolvidable en el que conoc\u00ed a personas extraordinarias.<\/p>\n<p>Aunque llevo menos de una semana en esta ciudad ya me ha cautivado con su encantador desorden y sus calles llenas de historia y de vida. Adem\u00e1s, el acogimiento en la organizaci\u00f3n donde voy a realizar el voluntariado tambi\u00e9n ha sido de lo m\u00e1s c\u00e1lido. Estoy segura de que estos dos meses van a ser una experiencia inolvidable que voy a llevar siempre conmigo.<\/p>\n<figure id=\"attachment_202\" aria-describedby=\"caption-attachment-202\" style=\"width: 300px\" class=\"wp-caption aligncenter\"><img loading=\"lazy\" decoding=\"async\" class=\"size-medium wp-image-202\" src=\"https:\/\/blogs.ugr.es\/cicode-experiencias\/wp-content\/uploads\/sites\/171\/2025\/09\/1000006817-300x225.jpg\" alt=\"Fiesta Inti Raymi\" width=\"300\" height=\"225\" srcset=\"https:\/\/blogs.ugr.es\/cicode-experiencias\/wp-content\/uploads\/sites\/171\/2025\/09\/1000006817-300x225.jpg 300w, https:\/\/blogs.ugr.es\/cicode-experiencias\/wp-content\/uploads\/sites\/171\/2025\/09\/1000006817-700x525.jpg 700w, https:\/\/blogs.ugr.es\/cicode-experiencias\/wp-content\/uploads\/sites\/171\/2025\/09\/1000006817.jpg 800w\" sizes=\"auto, (max-width: 300px) 100vw, 300px\" \/><figcaption id=\"caption-attachment-202\" class=\"wp-caption-text\">Cuzco<\/figcaption><\/figure>\n<p><strong>Mejor de lo que nunca hubiese pensado. 31 de julio de 2025.<\/strong><\/p>\n<p>Despu\u00e9s de un poco m\u00e1s de un mes en Cusco puedo decir que la ciudad me tiene completamente cautivada, cada una de sus calles y esquinas est\u00e1n llenas de historia y de vida. Se trata de una ciudad con infinidad de cosas que ofrecer.<\/p>\n<p>Por su parte, el trabajo aqu\u00ed est\u00e1 yendo mucho mejor de lo que nunca hubiese imaginado, en la organizaci\u00f3n me han permitido involucrarme plenamente y no solo estoy asistiendo a muchos de los talleres que se imparten a las comunidades, sino que tambi\u00e9n estoy participando en la impartici\u00f3n de alguno de ellos. Gracias a esto estoy pudiendo aprender realmente como trabajar con la poblaci\u00f3n y entrar de una manera privilegiada en su cultura. Cada vez que estoy en uno de esos talleres siento una gran gratitud con la FSU y el CGPA por permitirme entrar tan de lleno en su trabajo, con todos los participantes por asistir, con la Universidad por ofrecer esta oportunidad y conmigo misma por haber dado el paso de embarcarme en esta aventura.<\/p>\n<p>Ahora mismo lo \u00fanico que puedo pensar es en exprimir al m\u00e1ximo el mes que me queda aqu\u00ed, ya todos los miedos y nervios del inicio se han disipado y se han transformado en unas inmensas ganas de conocer y de aprender todo lo posible en este tiempo.<\/p>\n<p><strong>La parte m\u00e1s dura son las despedidas. 28 de agosto de 2025.\u00a0<\/strong><\/p>\n<p>Tras dos maravillosos meses la experiencia llega a su fin y lo m\u00e1s duro que he vivido en estos dos meses lo estoy viviendo ahora, las despedidas, el tener que despedirme de toda la gente que ha hecho que me sienta en casa estando tan lejos de la m\u00eda, de la ciudad que ha sido mi hogar y de todo lo vivido aqu\u00ed. Han sido dos meses llenos de aprendizajes, de vivencias, de nuevas emociones\u2026<\/p>\n<p>Per\u00fa y, especialmente la ciudad de Cusco se caracterizan por sus colores y me he dado cuenta de que estos colores son un reflejo de la intensidad de su cultura, de su alegr\u00eda, de su historia y de su lucha.<\/p>\n<p>No puedo estar m\u00e1s contenta por haber elegido el Centro Guaman Poma de Ayala como entidad en la que realizar mi voluntariado, todo el equipo y especialmente mis compa\u00f1eros de proyecto me han hecho sentir una m\u00e1s, me han acompa\u00f1ado en toda mi estancia y me han ense\u00f1ado todo lo que saben. La realidad de mucha gente en este pa\u00eds y en concreto en esta ciudad (que es donde yo he trabajado) es muy dura, pero las ganas que les ponen para mejorar su calidad de vida y la pasi\u00f3n con la que he visto que mis compa\u00f1eros trabajan para ayudarles a lograrlo me llenan de esperanza y de ganas de seguir trabajando en proyectos como este.<\/p>\n<p>Estoy enormemente agradecida con la Universidad de Granada por darme esta oportunidad, con la Fundaci\u00f3n Social Universal por ayudarme a emprender este camino y con el centro Guaman Poma de Ayala por acompa\u00f1arme en el proceso y permitirme adentrarme en su trabajo y en su realidad.<\/p>\n<p>Me despido de Per\u00fa con un nudo en la garganta, pues una parte de m\u00ed siempre se quedar\u00e1 aqu\u00ed y una parte de Per\u00fa siempre estar\u00e1 conmigo. Como dicen en quechua: hasta que la vida nos vuelva a encontrar, Tupananchiskama Per\u00fa.<\/p>\n","protected":false},"excerpt":{"rendered":"<p>&nbsp; Recibida por la fiesta al Dios Sol. 27 de junio de 2025.\u00a0 El d\u00eda 23 sal\u00eda de Madrid con una maleta llena de ilusiones y tambi\u00e9n de miedos, tras 16 horas de viaje llegaba a la ciudad de Cusco, la que iba a ser mi hogar durante los pr\u00f3ximos 2 meses. A la ma\u00f1ana [&hellip;]<\/p>\n","protected":false},"author":681,"featured_media":0,"comment_status":"open","ping_status":"closed","sticky":false,"template":"","format":"standard","meta":{"_genesis_hide_title":false,"_genesis_hide_breadcrumbs":false,"_genesis_hide_singular_image":false,"_genesis_hide_footer_widgets":false,"_genesis_custom_body_class":"","_genesis_custom_post_class":"","_genesis_layout":"","footnotes":""},"categories":[8,13],"tags":[9],"class_list":{"0":"post-200","1":"post","2":"type-post","3":"status-publish","4":"format-standard","6":"category-peru","7":"category-voluntariado-internacional","8":"tag-emprendimiento","9":"entry"},"_links":{"self":[{"href":"https:\/\/blogs.ugr.es\/cicode-experiencias\/wp-json\/wp\/v2\/posts\/200","targetHints":{"allow":["GET"]}}],"collection":[{"href":"https:\/\/blogs.ugr.es\/cicode-experiencias\/wp-json\/wp\/v2\/posts"}],"about":[{"href":"https:\/\/blogs.ugr.es\/cicode-experiencias\/wp-json\/wp\/v2\/types\/post"}],"author":[{"embeddable":true,"href":"https:\/\/blogs.ugr.es\/cicode-experiencias\/wp-json\/wp\/v2\/users\/681"}],"replies":[{"embeddable":true,"href":"https:\/\/blogs.ugr.es\/cicode-experiencias\/wp-json\/wp\/v2\/comments?post=200"}],"version-history":[{"count":2,"href":"https:\/\/blogs.ugr.es\/cicode-experiencias\/wp-json\/wp\/v2\/posts\/200\/revisions"}],"predecessor-version":[{"id":220,"href":"https:\/\/blogs.ugr.es\/cicode-experiencias\/wp-json\/wp\/v2\/posts\/200\/revisions\/220"}],"wp:attachment":[{"href":"https:\/\/blogs.ugr.es\/cicode-experiencias\/wp-json\/wp\/v2\/media?parent=200"}],"wp:term":[{"taxonomy":"category","embeddable":true,"href":"https:\/\/blogs.ugr.es\/cicode-experiencias\/wp-json\/wp\/v2\/categories?post=200"},{"taxonomy":"post_tag","embeddable":true,"href":"https:\/\/blogs.ugr.es\/cicode-experiencias\/wp-json\/wp\/v2\/tags?post=200"}],"curies":[{"name":"wp","href":"https:\/\/api.w.org\/{rel}","templated":true}]}}