{"id":837,"date":"2021-12-03T20:59:53","date_gmt":"2021-12-03T19:59:53","guid":{"rendered":"https:\/\/blogs.ugr.es\/demeritos\/?page_id=395"},"modified":"2025-02-01T19:01:58","modified_gmt":"2025-02-01T18:01:58","slug":"cargos-de-gestion-recomendados","status":"publish","type":"post","link":"https:\/\/blogs.ugr.es\/demeritos\/cargos-de-gestion-recomendados\/","title":{"rendered":"Cargos de gesti\u00f3n recomendados"},"content":{"rendered":"<p><span style=\"color: #000000\">ANECA ha virado significativamente en lo baremado para la acreditaci\u00f3n en el programa ACADEMIA [<a href=\"https:\/\/www.aneca.es\/documents\/20123\/53669\/Criterios200324_anexos_2.pdf\" target=\"_blank\" rel=\"noopener\">1<\/a>]. Ahora se centra exclusivamente en los puestos de gesti\u00f3n que un TU deber\u00eda ocupar demostrando liderazgo y postularse as\u00ed como CU. Adem\u00e1s, no exige m\u00ednimos. Al mismo tiempo libera al PDI laboral y figuras pre-funcionario para acreditarse a TU de la experiencia en gesti\u00f3n. Esto no significa que no se anime al \u00abdesempe\u00f1o de funciones de gobierno de la universidad\u00bb, como lo hace el art\u00edculo 41.b de la LUPA sobre el Profesorado ayudante doctor.<\/span><\/p>\n<p><span style=\"color: #000000\">Para acreditarse como CU, el liderazgo en el a\u0301mbito de la gestio\u0301n universitaria se centra en desempe\u00f1ar cargos acade\u0301micos, de la coordinacio\u0301n de Grados, de la direccio\u0301n de Programas de Doctorado y Ma\u0301ster, asi\u0301 como de otras funciones que demuestren liderazgo institucional (alianzas interuniversitarias, transformacio\u0301n digital, innovacio\u0301n docente, evaluacio\u0301n de la investigacio\u0301n y de la carrera acade\u0301mica, intercambio con la sociedad, transdisciplinariedad, etc.). A modo orientativo, las responsabilidades ejercidas durante al menos <strong>4 an\u0303os<\/strong> se valorara\u0301n con 10 puntos.<\/span><\/p>\n<p><span style=\"color: #000000\">ANECA rompe <\/span><span style=\"color: #000000\">con la lectura del escalaf\u00f3n como principio de autoridad y con la obligaci\u00f3n de agotar el mandato LOSU de 6 a\u00f1os, fomentando la cultura de renovaci\u00f3n de liderazgos.\u00a0<\/span><\/p>\n","protected":false},"excerpt":{"rendered":"<p>ANECA ha virado significativamente en lo baremado para la acreditaci\u00f3n en el programa ACADEMIA [1]. Ahora se centra exclusivamente en los puestos de gesti\u00f3n que un TU deber\u00eda ocupar demostrando liderazgo y postularse as\u00ed como CU. Adem\u00e1s, no exige m\u00ednimos. Al mismo tiempo libera al PDI laboral y figuras pre-funcionario para acreditarse a TU de [&hellip;]<\/p>\n","protected":false},"author":524,"featured_media":0,"comment_status":"closed","ping_status":"closed","sticky":false,"template":"","format":"standard","meta":{"footnotes":""},"categories":[11,12,10],"tags":[],"class_list":["post-837","post","type-post","status-publish","format-standard","hentry","category-acreditacion","category-consolidacion","category-estabilizacion"],"_links":{"self":[{"href":"https:\/\/blogs.ugr.es\/demeritos\/wp-json\/wp\/v2\/posts\/837","targetHints":{"allow":["GET"]}}],"collection":[{"href":"https:\/\/blogs.ugr.es\/demeritos\/wp-json\/wp\/v2\/posts"}],"about":[{"href":"https:\/\/blogs.ugr.es\/demeritos\/wp-json\/wp\/v2\/types\/post"}],"author":[{"embeddable":true,"href":"https:\/\/blogs.ugr.es\/demeritos\/wp-json\/wp\/v2\/users\/524"}],"replies":[{"embeddable":true,"href":"https:\/\/blogs.ugr.es\/demeritos\/wp-json\/wp\/v2\/comments?post=837"}],"version-history":[{"count":1,"href":"https:\/\/blogs.ugr.es\/demeritos\/wp-json\/wp\/v2\/posts\/837\/revisions"}],"predecessor-version":[{"id":862,"href":"https:\/\/blogs.ugr.es\/demeritos\/wp-json\/wp\/v2\/posts\/837\/revisions\/862"}],"wp:attachment":[{"href":"https:\/\/blogs.ugr.es\/demeritos\/wp-json\/wp\/v2\/media?parent=837"}],"wp:term":[{"taxonomy":"category","embeddable":true,"href":"https:\/\/blogs.ugr.es\/demeritos\/wp-json\/wp\/v2\/categories?post=837"},{"taxonomy":"post_tag","embeddable":true,"href":"https:\/\/blogs.ugr.es\/demeritos\/wp-json\/wp\/v2\/tags?post=837"}],"curies":[{"name":"wp","href":"https:\/\/api.w.org\/{rel}","templated":true}]}}