{"id":204,"date":"2021-09-22T09:00:44","date_gmt":"2021-09-22T07:00:44","guid":{"rendered":"https:\/\/blogs.ugr.es\/deportesugr\/?p=204"},"modified":"2021-09-20T19:24:02","modified_gmt":"2021-09-20T17:24:02","slug":"cicloturismo-para-la-divulgacion-de-los-ods","status":"publish","type":"post","link":"https:\/\/blogs.ugr.es\/deportesugr\/cicloturismo-para-la-divulgacion-de-los-ods\/","title":{"rendered":"El cicloturismo para la divulgaci\u00f3n de los Objetivos de Desarrollo Sostenible"},"content":{"rendered":"<p>&nbsp;<\/p>\n<p><span style=\"font-weight: 400\">Palma Chill\u00f3n Garz\u00f3n. <\/span><span style=\"font-weight: 400\">PDI, Departamento Educaci\u00f3n F\u00edsica y Deportiva, Universidad de Granada<\/span><\/p>\n<p>&nbsp;<\/p>\n<h3><b>BiciConecta UGR, un proyecto social y deportivo<\/b><\/h3>\n<p><span style=\"font-weight: 400\">El Proyecto BiciConecta fue una iniciativa surgida de la Universidad de Granada para la divulgaci\u00f3n social de los <\/span><b>Objetivos de Desarrollo Sostenible (ODS)<\/b><span style=\"font-weight: 400\"> impulsados por la Organizaci\u00f3n de las Naciones Unidas en la agenda 2030. Dicho proyecto utiliza como elementos fundamentales la movilidad sostenible y el fomento de la actividad f\u00edsica.\u00a0\u00a0<\/span><\/p>\n<h2><b>Primera edici\u00f3n de BiciConecta<\/b><\/h2>\n<p><span style=\"font-weight: 400\">El curso pasado, en octubre 2019, se realiz\u00f3 su primera edici\u00f3n, conectando las tres ciudades con Campus UGR (Granada, Melilla y Ceuta) en bicicleta por un equipo de 16 estudiantes, PDI y PAS de estas 3 sedes, financiado por Obra Social la Caixa y el Grupo Nucesa.<\/span><\/p>\n<p><span style=\"font-weight: 400\">\u00a0Adem\u00e1s en las visitas en las ciudades de Melilla y Ceuta, se realizaron unas Jornadas Acad\u00e9micas dirigidas a miembros de la UGR y ciudadanos de ambas ciudades, con el trasfondo los <\/span><i><span style=\"font-weight: 400\">ODS.<\/span><\/i><span style=\"font-weight: 400\"> El trayecto realizado permiti\u00f3 unir por bicicleta las 3 sedes de la Universidad de Granada (Granada, Melilla y Ceuta), pasando por un importante n\u00famero de localidades de la provincia de Granada y del norte de Marruecos, sumando m\u00e1s de 500 kms. y superando un desnivel positivo de unos 10.000 metros. Como dato anecd\u00f3tico, dicho trayecto se super\u00f3 con apenas 3 pinchazos, alg\u00fan rasgu\u00f1o leve en las piernas de algunos de los participantes, alguna picadura de mosquito y una acampada improvisada bajo la constante vigilancia y supervisi\u00f3n de la polic\u00eda marroqu\u00ed.<\/span><\/p>\n<p><span style=\"font-weight: 400\">Las 10 jornadas de duraci\u00f3n de la expedici\u00f3n permiti\u00f3 cumplir ampliamente con los objetivos propuestos, especialmente en lo relativo a la <\/span><b>divulgaci\u00f3n de los ODS<\/b><span style=\"font-weight: 400\"> a lo largo de las poblaciones por las que ha pasado el equipo de BiciConecta UGR, no solo gracias a visualizaci\u00f3n de los objetivos en la indumentaria de los integrantes del equipo y en el veh\u00edculo de apoyo, sino muy especialmente a trav\u00e9s de las actividades, v\u00eddeos y charlas que se han ido organizando en dichas poblaciones.\u00a0<\/span><\/p>\n<p><span style=\"font-weight: 400\">Muy destacado es en este sentido el <\/span><b>trabajo de divulgaci\u00f3n<\/b><span style=\"font-weight: 400\"> que se desarroll\u00f3 durante las Jornadas Acad\u00e9micas organizadas en las sedes de Melilla y Ceuta, a las que asistieron un gran n\u00famero de estudiantes de la propia UGR y de centros de Ense\u00f1anza Secundaria. Dichas jornadas combinaron actividades te\u00f3ricas (charlas, debates, proyecci\u00f3n de v\u00eddeos, etc.), con actividades pr\u00e1cticas de <\/span><b>fomento de la sostenibilidad<\/b><span style=\"font-weight: 400\"> (talleres de uso y reparaci\u00f3n de bicicletas, de recogida de residuos, de integraci\u00f3n e inclusi\u00f3n de personas con movilidad reducida, etc.). El trayecto permiti\u00f3 as\u00ed mismo llevar a cabo un an\u00e1lisis del nivel de cumplimiento de los <\/span><i><span style=\"font-weight: 400\">ODS<\/span><\/i><span style=\"font-weight: 400\"> en los territorios por los que ha transcurrido la ruta, que puso de manifiesto la necesidad de poner en marcha importantes medidas correctoras en materia de gesti\u00f3n de residuos, igualdad, dotaci\u00f3n de infraestructuras de saneamiento y gesti\u00f3n del agua.\u00a0<\/span><\/p>\n<h2><b>Promoviendo la interculturalidad<\/b><\/h2>\n<p><span style=\"font-weight: 400\">Por otra parte, el proyecto supuso una extraordinaria experiencia de trabajo en equipo e <\/span><b>integraci\u00f3n de los diversos perfiles que conforman la Universidad de Granada<\/b><span style=\"font-weight: 400\">. Personas de diferentes edades (desde 21 a 58 a\u00f1os), \u00e1reas disciplinares (medicina, econom\u00eda, ciencias del deporte, educaci\u00f3n, arquitectura, etc.), roles (estudiantes, profesores, personal de administraci\u00f3n y servicios, integrantes de spin-off de la UGR), se vieron en la necesidad de enfrentarse al reto com\u00fan de solventar con su esfuerzo f\u00edsico y grandes dosis de solidaridad y compa\u00f1erismo la gran distancia que separa las 3 sedes de las Universidad de Granada.\u00a0<\/span><\/p>\n<p><span style=\"font-weight: 400\">As\u00ed mismo, se vivenci\u00f3 un importante <\/span><b>desarrollo personal y colectivo<\/b><span style=\"font-weight: 400\"> de los integrantes del equipo gracias al contacto directo con los habitantes de los territorios por los que transcurri\u00f3 el viaje y la reflexi\u00f3n a la que dicha interacci\u00f3n ha dado lugar. A este desarrollo ha contribuido tambi\u00e9n el hecho de que cada uno de los integrantes se responsabiliz\u00f3 de la difusi\u00f3n de uno de los <\/span><i><span style=\"font-weight: 400\">ODS<\/span><\/i><span style=\"font-weight: 400\"> y de la realizaci\u00f3n de cierto conjunto de tareas relacionadas con el proyecto, desde el registro de im\u00e1genes y v\u00eddeos para la difusi\u00f3n del desarrollo de proyecto, a la gesti\u00f3n econ\u00f3mica del mismo, la log\u00edstica del alojamiento y la alimentaci\u00f3n, el apoyo desde el veh\u00edculo de seguimiento, la gesti\u00f3n del recorrido, la organizaci\u00f3n de las jornadas acad\u00e9micas, las labores de traducci\u00f3n e interpretaci\u00f3n con la poblaci\u00f3n de habla \u00e1rabe, etc.<\/span><\/p>\n<h2><b>El proyecto a nivel social<\/b><\/h2>\n<p><span style=\"font-weight: 400\">A nivel social, dicho proyecto contribuy\u00f3 a difundir los ODS a trav\u00e9s de las diferentes actuaciones creadas para tal fin y sensibilizar sobre el uso de la bicicleta como medio sostenible y de salud. A nivel de Universidad, se visibiliz\u00f3 la UGR en la sociedad, se acentu\u00f3 la conexi\u00f3n entre las sedes de Granada, Ceuta y Melilla y se favoreci\u00f3 el <\/span><b>trabajo en equipo multidisciplinar<\/b><span style=\"font-weight: 400\"> de diferentes miembros (alumnos, PAS y PDI) de la Universidad de Granada.<\/span><\/p>\n<p><span style=\"font-weight: 400\">Este proyecto fue posible gracias a la colaboraci\u00f3n de un importante n\u00famero de entidades, entre las que cabe destacar al Grupo Nucesa y a la Obra Social la Caixa, que han ofrecido el veh\u00edculo de apoyo y una importante ayuda econ\u00f3mica para la ejecuci\u00f3n del proyecto. Tambi\u00e9n han colaborado en el desarrollo de este proyecto Si2 Soluciones, CorteSport, las Facultades de Ciencias de la Educaci\u00f3n y del Deporte de Melilla y la Facultad de Educaci\u00f3n, Econom\u00eda y Tecnolog\u00eda y de Ciencias de la Salud de Ceuta, la Ciudad Aut\u00f3noma de Ceuta y Ceuta S\u00ed, la DGT y Bicicletas la Estaci\u00f3n.<\/span><\/p>\n","protected":false},"excerpt":{"rendered":"<p>&nbsp; Palma Chill\u00f3n Garz\u00f3n. PDI, Departamento Educaci\u00f3n F\u00edsica y Deportiva, Universidad de Granada &nbsp; BiciConecta UGR, un proyecto social y deportivo El Proyecto BiciConecta fue una iniciativa surgida de la Universidad de Granada para la divulgaci\u00f3n social de los Objetivos de Desarrollo Sostenible (ODS) impulsados por la Organizaci\u00f3n de las Naciones Unidas en la agenda&hellip; <a href=\"https:\/\/blogs.ugr.es\/deportesugr\/cicloturismo-para-la-divulgacion-de-los-ods\/\" class=\"more-link\">Leer m\u00e1s <span class=\"screen-reader-text\">acerca de El cicloturismo para la divulgaci\u00f3n de los Objetivos de Desarrollo Sostenible<\/span><\/a><\/p>\n","protected":false},"author":64,"featured_media":205,"comment_status":"open","ping_status":"closed","sticky":false,"template":"","format":"standard","meta":{"_genesis_hide_title":false,"_genesis_hide_breadcrumbs":false,"_genesis_hide_singular_image":false,"_genesis_hide_footer_widgets":false,"_genesis_custom_body_class":"","_genesis_custom_post_class":"","_genesis_layout":"","footnotes":""},"categories":[13],"tags":[],"class_list":{"0":"post-204","1":"post","2":"type-post","3":"status-publish","4":"format-standard","5":"has-post-thumbnail","7":"category-proyectos-ugr","8":"entry"},"_links":{"self":[{"href":"https:\/\/blogs.ugr.es\/deportesugr\/wp-json\/wp\/v2\/posts\/204","targetHints":{"allow":["GET"]}}],"collection":[{"href":"https:\/\/blogs.ugr.es\/deportesugr\/wp-json\/wp\/v2\/posts"}],"about":[{"href":"https:\/\/blogs.ugr.es\/deportesugr\/wp-json\/wp\/v2\/types\/post"}],"author":[{"embeddable":true,"href":"https:\/\/blogs.ugr.es\/deportesugr\/wp-json\/wp\/v2\/users\/64"}],"replies":[{"embeddable":true,"href":"https:\/\/blogs.ugr.es\/deportesugr\/wp-json\/wp\/v2\/comments?post=204"}],"version-history":[{"count":1,"href":"https:\/\/blogs.ugr.es\/deportesugr\/wp-json\/wp\/v2\/posts\/204\/revisions"}],"predecessor-version":[{"id":206,"href":"https:\/\/blogs.ugr.es\/deportesugr\/wp-json\/wp\/v2\/posts\/204\/revisions\/206"}],"wp:featuredmedia":[{"embeddable":true,"href":"https:\/\/blogs.ugr.es\/deportesugr\/wp-json\/wp\/v2\/media\/205"}],"wp:attachment":[{"href":"https:\/\/blogs.ugr.es\/deportesugr\/wp-json\/wp\/v2\/media?parent=204"}],"wp:term":[{"taxonomy":"category","embeddable":true,"href":"https:\/\/blogs.ugr.es\/deportesugr\/wp-json\/wp\/v2\/categories?post=204"},{"taxonomy":"post_tag","embeddable":true,"href":"https:\/\/blogs.ugr.es\/deportesugr\/wp-json\/wp\/v2\/tags?post=204"}],"curies":[{"name":"wp","href":"https:\/\/api.w.org\/{rel}","templated":true}]}}