{"id":1343,"date":"2016-11-25T01:30:02","date_gmt":"2016-11-25T00:30:02","guid":{"rendered":"http:\/\/jaime-molina.com\/?p=1343"},"modified":"2016-11-25T01:30:02","modified_gmt":"2016-11-25T00:30:02","slug":"manuel-machado-una-fatal-poesia-lo-condeno-al-olvido","status":"publish","type":"post","link":"https:\/\/blogs.ugr.es\/desmontando-jaime\/manuel-machado-una-fatal-poesia-lo-condeno-al-olvido\/","title":{"rendered":"Manuel Machado. Una fatal poes\u00eda lo conden\u00f3 al olvido"},"content":{"rendered":"<p><strong>Manuel Machado<\/strong> naci\u00f3 en 1874 y nunca destac\u00f3 por ser especialmente reflexivo al expresar sus opiniones.<\/p>\n<p>En 1914, cuando comenz\u00f3 la Primera Guerra Mundial, se declar\u00f3 partidario de los aliados en varios de sus trabajos, como <em>D\u00eda por d\u00eda de mi calendario<\/em>.<\/p>\n<p>En 1931 present\u00f3 en un acto celebrado en el Ateneo de Madrid, en colaboraci\u00f3n con el m\u00fasico Oscar Espl\u00e1, el borrador de un himno para la Segunda Rep\u00fablica Espa\u00f1ola. Los versos se caracterizan por demostrar un gran fervor republicano.<\/p>\n<p>Manuel Machado tambi\u00e9n es uno de los intelectuales espa\u00f1oles que en 1933 fundaron la Asociaci\u00f3n de Amigos de la Uni\u00f3n Sovi\u00e9tica. Pero poco tiempo despu\u00e9s escribi\u00f3 en el diario <em>La Libertad<\/em> que consideraba al comunismo y al fascismo dos formas de dictadura, y que las detestaba por igual.<\/p>\n<p>Pero las declaraciones pol\u00edticas de Manuel Machado no se quedan ah\u00ed, en 1936 confes\u00f3 sus dudas a una revista francesa sobre las posibilidades de triunfo del golpe de estado. Poco tiempo despu\u00e9s fue detenido y pas\u00f3 dos d\u00edas en prisi\u00f3n.<\/p>\n<p>Entonces sus ideales cambiaron radicalmente y en 1938 acept\u00f3 el nombramiento como Acad\u00e9mico de la Lengua Espa\u00f1ola que le ofrecieron Jos\u00e9 Mar\u00eda Pem\u00e1n y D\u2019Ors. Despu\u00e9s continu\u00f3 escribiendo poes\u00eda y tomando parte en proyectos como <em>Los versos del combatiente<\/em> o la <em>Corona de sonetos en honor de Jos\u00e9 Antonio Primo de Rivera<\/em>. Su compromiso pol\u00edtico con la dictadura llega a su m\u00e1xima expresi\u00f3n con el poema <em>Al sable del Caudillo<\/em>.<\/p>\n<p>Este \u00faltimo poema y sus posteriores colaboraciones m\u00e1s discretas con la dictadura hicieron que su nombre fuera despreciado durante el periodo de la transici\u00f3n espa\u00f1ola, y su trabajo fue denostado en favor del de su hermano que hasta entonces hab\u00eda estado prohibido.<\/p>\n<h3>Manuel Machado, el hermano mayor y responsable<\/h3>\n<p>Manuel siempre ejerci\u00f3 de hermano mayor, aunque en su juventud se sumergi\u00f3 completamente en la vida bohemia madrile\u00f1a. El sentido de la responsabilidad se agudiz\u00f3 en \u00e9l tras su matrimonio religioso con Eulalia C\u00e1ceres. Sus bi\u00f3grafos cuentan que despu\u00e9s de casarse de dedic\u00f3 a ella en cuerpo y alma. Poco tiempo despu\u00e9s de contraer matrimonio oposit\u00f3 al Cuerpo Facultativo de Archiveros, Bibliotecarios y Arque\u00f3logos, consigui\u00f3 una plaza en Santiago de Compostela y pudo permutarla por otra en la Biblioteca Nacional de Madrid.<\/p>\n<p>Al a\u00f1o siguiente consigui\u00f3 otra plaza como archivero en el Ayuntamiento de Madrid. Tambi\u00e9n fue director de la Biblioteca Municipal y del Museo Municipal de Madrid.<\/p>\n<p>Una vez asegurada la manutenci\u00f3n de su familia, Manuel public\u00f3 una de las que ha sido considerada su mejor recopilaci\u00f3n de poemas, <em>Ars moriendi<\/em>. A lo largo de los a\u00f1os 20 colabor\u00f3 con su hermano Antonio en una serie de diversas comedias en verso, como <em>La Lola se va a los puertos<\/em>, que cosecharon un gran \u00e9xito.<\/p>\n<p>Pero cuando el golpe de estado triunf\u00f3 se puso del lado de los ganadores con el conocido poema <em>Al sable del caudillo<\/em>. Despu\u00e9s de la guerra pudo reincorporarse a su cargo del Museo Municipal de Madrid, donde se jubil\u00f3 poco despu\u00e9s.<\/p>\n","protected":false},"excerpt":{"rendered":"<p>Manuel Machado naci\u00f3 en 1874 y nunca destac\u00f3 por ser especialmente reflexivo al expresar sus opiniones. En 1914, cuando comenz\u00f3 la Primera Guerra Mundial, se declar\u00f3 partidario de los aliados en varios de sus trabajos, como D\u00eda por d\u00eda de mi calendario. En 1931 present\u00f3 en un acto celebrado en el Ateneo de Madrid, en [&hellip;]<\/p>\n","protected":false},"author":10,"featured_media":1345,"comment_status":"open","ping_status":"open","sticky":false,"template":"","format":"standard","meta":{"_genesis_hide_title":false,"_genesis_hide_breadcrumbs":false,"_genesis_hide_singular_image":false,"_genesis_hide_footer_widgets":false,"_genesis_custom_body_class":"","_genesis_custom_post_class":"","_genesis_layout":"","footnotes":""},"categories":[10],"tags":[27,109],"class_list":{"0":"post-1343","1":"post","2":"type-post","3":"status-publish","4":"format-standard","5":"has-post-thumbnail","7":"category-uncategorized","8":"tag-autores","9":"tag-manuel-machado","10":"entry"},"_links":{"self":[{"href":"https:\/\/blogs.ugr.es\/desmontando-jaime\/wp-json\/wp\/v2\/posts\/1343","targetHints":{"allow":["GET"]}}],"collection":[{"href":"https:\/\/blogs.ugr.es\/desmontando-jaime\/wp-json\/wp\/v2\/posts"}],"about":[{"href":"https:\/\/blogs.ugr.es\/desmontando-jaime\/wp-json\/wp\/v2\/types\/post"}],"author":[{"embeddable":true,"href":"https:\/\/blogs.ugr.es\/desmontando-jaime\/wp-json\/wp\/v2\/users\/10"}],"replies":[{"embeddable":true,"href":"https:\/\/blogs.ugr.es\/desmontando-jaime\/wp-json\/wp\/v2\/comments?post=1343"}],"version-history":[{"count":0,"href":"https:\/\/blogs.ugr.es\/desmontando-jaime\/wp-json\/wp\/v2\/posts\/1343\/revisions"}],"wp:featuredmedia":[{"embeddable":true,"href":"https:\/\/blogs.ugr.es\/desmontando-jaime\/wp-json\/"}],"wp:attachment":[{"href":"https:\/\/blogs.ugr.es\/desmontando-jaime\/wp-json\/wp\/v2\/media?parent=1343"}],"wp:term":[{"taxonomy":"category","embeddable":true,"href":"https:\/\/blogs.ugr.es\/desmontando-jaime\/wp-json\/wp\/v2\/categories?post=1343"},{"taxonomy":"post_tag","embeddable":true,"href":"https:\/\/blogs.ugr.es\/desmontando-jaime\/wp-json\/wp\/v2\/tags?post=1343"}],"curies":[{"name":"wp","href":"https:\/\/api.w.org\/{rel}","templated":true}]}}