{"id":138,"date":"2018-01-26T13:16:14","date_gmt":"2018-01-26T12:16:14","guid":{"rendered":"https:\/\/blogs.ugr.es\/diseno\/?p=138"},"modified":"2018-01-26T13:16:14","modified_gmt":"2018-01-26T12:16:14","slug":"presentacion","status":"publish","type":"post","link":"https:\/\/blogs.ugr.es\/diseno\/presentacion\/","title":{"rendered":"Presentaci\u00f3n"},"content":{"rendered":"<p>Este blog est\u00e1 dedicado a la difusi\u00f3n y fomento del dise\u00f1o en el \u00e1mbito universitario. Desde el \u00c1rea de Recursos Gr\u00e1ficos y Edici\u00f3n y la Unidad de Identidad Visual Corporativa trataremos contenidos varios relacionados con el mundo del dise\u00f1o, propondremos recursos de trabajo, y sobre todo intentaremos promover las buenas pr\u00e1cticas en comunicaci\u00f3n, reivindicando un dise\u00f1o de calidad que ayude a generar una imagen institucional s\u00f3lida, coordinada, actual, atractiva y competitiva.<\/p>\n","protected":false},"excerpt":{"rendered":"<p>Este blog est\u00e1 dedicado a la difusi\u00f3n y fomento del dise\u00f1o en el \u00e1mbito universitario. Desde el \u00c1rea de Recursos Gr\u00e1ficos y Edici\u00f3n y la Unidad de Identidad Visual Corporativa trataremos contenidos varios relacionados con el mundo del dise\u00f1o, propondremos recursos de trabajo, y sobre todo intentaremos promover las buenas pr\u00e1cticas en comunicaci\u00f3n, reivindicando un [&hellip;]<\/p>\n","protected":false},"author":24,"featured_media":0,"comment_status":"open","ping_status":"open","sticky":false,"template":"","format":"standard","meta":{"_genesis_hide_title":false,"_genesis_hide_breadcrumbs":false,"_genesis_hide_singular_image":false,"_genesis_hide_footer_widgets":false,"_genesis_custom_body_class":"","_genesis_custom_post_class":"","_genesis_layout":"","footnotes":""},"categories":[1],"tags":[],"class_list":{"0":"post-138","1":"post","2":"type-post","3":"status-publish","4":"format-standard","6":"category-sin-categoria","7":"entry"},"_links":{"self":[{"href":"https:\/\/blogs.ugr.es\/diseno\/wp-json\/wp\/v2\/posts\/138","targetHints":{"allow":["GET"]}}],"collection":[{"href":"https:\/\/blogs.ugr.es\/diseno\/wp-json\/wp\/v2\/posts"}],"about":[{"href":"https:\/\/blogs.ugr.es\/diseno\/wp-json\/wp\/v2\/types\/post"}],"author":[{"embeddable":true,"href":"https:\/\/blogs.ugr.es\/diseno\/wp-json\/wp\/v2\/users\/24"}],"replies":[{"embeddable":true,"href":"https:\/\/blogs.ugr.es\/diseno\/wp-json\/wp\/v2\/comments?post=138"}],"version-history":[{"count":1,"href":"https:\/\/blogs.ugr.es\/diseno\/wp-json\/wp\/v2\/posts\/138\/revisions"}],"predecessor-version":[{"id":139,"href":"https:\/\/blogs.ugr.es\/diseno\/wp-json\/wp\/v2\/posts\/138\/revisions\/139"}],"wp:attachment":[{"href":"https:\/\/blogs.ugr.es\/diseno\/wp-json\/wp\/v2\/media?parent=138"}],"wp:term":[{"taxonomy":"category","embeddable":true,"href":"https:\/\/blogs.ugr.es\/diseno\/wp-json\/wp\/v2\/categories?post=138"},{"taxonomy":"post_tag","embeddable":true,"href":"https:\/\/blogs.ugr.es\/diseno\/wp-json\/wp\/v2\/tags?post=138"}],"curies":[{"name":"wp","href":"https:\/\/api.w.org\/{rel}","templated":true}]}}