{"id":161,"date":"2018-02-07T14:24:25","date_gmt":"2018-02-07T13:24:25","guid":{"rendered":"https:\/\/blogs.ugr.es\/empleougr\/?p=161"},"modified":"2018-02-15T11:54:06","modified_gmt":"2018-02-15T10:54:06","slug":"destino-empleo","status":"publish","type":"post","link":"https:\/\/blogs.ugr.es\/empleougr\/destino-empleo\/","title":{"rendered":"Destino: EMPLEO."},"content":{"rendered":"<p><img loading=\"lazy\" decoding=\"async\" class=\"wp-image-165 aligncenter\" src=\"https:\/\/blogs.ugr.es\/empleougr\/wp-content\/uploads\/sites\/29\/2018\/02\/Diapositiva1-300x178.jpg\" alt=\"\" width=\"632\" height=\"375\" srcset=\"https:\/\/blogs.ugr.es\/empleougr\/wp-content\/uploads\/sites\/29\/2018\/02\/Diapositiva1-300x178.jpg 300w, https:\/\/blogs.ugr.es\/empleougr\/wp-content\/uploads\/sites\/29\/2018\/02\/Diapositiva1-700x415.jpg 700w, https:\/\/blogs.ugr.es\/empleougr\/wp-content\/uploads\/sites\/29\/2018\/02\/Diapositiva1.jpg 724w\" sizes=\"auto, (max-width: 632px) 100vw, 632px\" \/><\/p>\n<p>Hola Viajer@s,<\/p>\n<p>De la misma forma que preparamos un viaje con ilusi\u00f3n y, aunque nunca hayamos\u00a0 planificado o preparado alguno, sabemos que tenemos las cualidades para gestionarlo de forma innata y no nos falta motivaci\u00f3n para ello, verdad?&#8230;.pues nos gustar\u00eda que te planteases \u2018Tu viaje hacia el empleo\u2019 con igual \u00edmpetu\u2026.qu\u00e9 mejor manera de empezar que con una actitud \u2018viajera\u2019!!.<\/p>\n<p>Pues bien, vamos a comenzar con la elecci\u00f3n del DESTINO: d\u00f3nde me gustar\u00eda ir\u2026d\u00f3nde puedo ir ma\u00f1ana mismo?&#8230;nacional o extranjero? \u2026qu\u00e9 presupuesto tengo?&#8230;.<\/p>\n<table style=\"height: 307px\" width=\"1083\">\n<tbody>\n<tr>\n<td width=\"288\">VIAJE<\/td>\n<td width=\"288\">EMPLEO<\/td>\n<\/tr>\n<tr>\n<td width=\"288\">\u00bfD\u00f3nde me gustar\u00eda ir?<\/td>\n<td width=\"288\">Elecci\u00f3n de ocupaci\u00f3n&#x2194;puesto<\/td>\n<\/tr>\n<tr>\n<td width=\"288\">\u00bfDestino nacional o internacional?<\/td>\n<td width=\"288\">Detecci\u00f3n de empresas\/ofertas en territorio nacional o internacionales<\/td>\n<\/tr>\n<tr>\n<td width=\"288\">\u00bfPuedo ir ma\u00f1ana mismo? \u00bfhay alg\u00fan \u2018viaje\u2019 que se ajuste a m\u00ed?<\/td>\n<td width=\"288\">B\u00fasqueda de ofertas de empleo a las que pueda aspirar<\/td>\n<\/tr>\n<tr>\n<td width=\"288\">\u00bfQu\u00e9 necesito para ese \u2018destino\/viaje\u2019?<\/p>\n<p>\u00bfQu\u00e9 debo llevar o preparar en la maleta?&#8230;\u00bfqu\u00e9 me hace falta?<\/td>\n<td width=\"288\">Casar perfil que demandan con mi CV actual<\/p>\n<p>Qu\u00e9 requisitos piden\u2026.qu\u00e9 tengo y qu\u00e9 me falta<\/td>\n<\/tr>\n<\/tbody>\n<\/table>\n<p>De la maleta que debemos preparar ya hablaremos m\u00e1s adelante\u2026.Mientras, planteate con criterio cada pregunta y llegar\u00e1s a \u2018t\u00fa mejor DESTINO\u2019.<\/p>\n<p>&nbsp;<\/p>\n","protected":false},"excerpt":{"rendered":"<p>Hola Viajer@s, De la misma forma que preparamos un viaje con ilusi\u00f3n y, aunque nunca hayamos\u00a0 planificado o preparado alguno, sabemos que tenemos las cualidades para gestionarlo de forma innata y no nos falta motivaci\u00f3n para ello, verdad?&#8230;.pues nos gustar\u00eda que te planteases \u2018Tu viaje hacia el empleo\u2019 con igual \u00edmpetu\u2026.qu\u00e9 mejor manera de empezar [&hellip;]<\/p>\n","protected":false},"author":32,"featured_media":0,"comment_status":"open","ping_status":"open","sticky":false,"template":"","format":"standard","meta":{"_genesis_hide_title":false,"_genesis_hide_breadcrumbs":false,"_genesis_hide_singular_image":false,"_genesis_hide_footer_widgets":false,"_genesis_custom_body_class":"","_genesis_custom_post_class":"","_genesis_layout":"","footnotes":""},"categories":[1],"tags":[11,10],"class_list":{"0":"post-161","1":"post","2":"type-post","3":"status-publish","4":"format-standard","6":"category-saliendome-del-camino","7":"tag-empleo","8":"tag-viaje","9":"entry"},"_links":{"self":[{"href":"https:\/\/blogs.ugr.es\/empleougr\/wp-json\/wp\/v2\/posts\/161","targetHints":{"allow":["GET"]}}],"collection":[{"href":"https:\/\/blogs.ugr.es\/empleougr\/wp-json\/wp\/v2\/posts"}],"about":[{"href":"https:\/\/blogs.ugr.es\/empleougr\/wp-json\/wp\/v2\/types\/post"}],"author":[{"embeddable":true,"href":"https:\/\/blogs.ugr.es\/empleougr\/wp-json\/wp\/v2\/users\/32"}],"replies":[{"embeddable":true,"href":"https:\/\/blogs.ugr.es\/empleougr\/wp-json\/wp\/v2\/comments?post=161"}],"version-history":[{"count":3,"href":"https:\/\/blogs.ugr.es\/empleougr\/wp-json\/wp\/v2\/posts\/161\/revisions"}],"predecessor-version":[{"id":203,"href":"https:\/\/blogs.ugr.es\/empleougr\/wp-json\/wp\/v2\/posts\/161\/revisions\/203"}],"wp:attachment":[{"href":"https:\/\/blogs.ugr.es\/empleougr\/wp-json\/wp\/v2\/media?parent=161"}],"wp:term":[{"taxonomy":"category","embeddable":true,"href":"https:\/\/blogs.ugr.es\/empleougr\/wp-json\/wp\/v2\/categories?post=161"},{"taxonomy":"post_tag","embeddable":true,"href":"https:\/\/blogs.ugr.es\/empleougr\/wp-json\/wp\/v2\/tags?post=161"}],"curies":[{"name":"wp","href":"https:\/\/api.w.org\/{rel}","templated":true}]}}