{"id":293,"date":"2024-09-12T17:29:44","date_gmt":"2024-09-12T15:29:44","guid":{"rendered":"https:\/\/blogs.ugr.es\/exploracreaofrecegranada\/?p=293"},"modified":"2024-09-12T17:39:22","modified_gmt":"2024-09-12T15:39:22","slug":"lengua-y-sociedad-con-eco","status":"publish","type":"post","link":"https:\/\/blogs.ugr.es\/exploracreaofrecegranada\/lengua-y-sociedad-con-eco\/","title":{"rendered":"Lengua y sociedad con ECO"},"content":{"rendered":"<p>Durante el curso acad\u00e9mico 2024-2025, el alumnado desarrollar\u00e1 los proyectos ECO en el marco de un proyecto de innovaci\u00f3n docente titulado: <em>\u201cLengua y sociedad: una nueva manera de ense\u00f1ar a trav\u00e9s del m\u00e9todo ECO (Explora, Crea y Ofrece)\u201d<\/em>, impulsado por el Vicerrectorado de Calidad, Innovaci\u00f3n Docente y Estudios de Grado de la Universidad de Granada.<\/p>\n","protected":false},"excerpt":{"rendered":"<p>Durante el curso acad\u00e9mico 2024-2025, el alumnado desarrollar\u00e1 los proyectos ECO en el marco de un proyecto de innovaci\u00f3n docente titulado: \u201cLengua y sociedad: una nueva manera de ense\u00f1ar a trav\u00e9s del m\u00e9todo ECO (Explora, Crea y Ofrece)\u201d, impulsado por el Vicerrectorado de Calidad, Innovaci\u00f3n Docente y Estudios de Grado de la Universidad de Granada.<\/p>\n","protected":false},"author":662,"featured_media":0,"comment_status":"open","ping_status":"closed","sticky":false,"template":"","format":"standard","meta":{"_genesis_hide_title":false,"_genesis_hide_breadcrumbs":false,"_genesis_hide_singular_image":false,"_genesis_hide_footer_widgets":false,"_genesis_custom_body_class":"","_genesis_custom_post_class":"","_genesis_layout":"","footnotes":""},"categories":[10],"tags":[],"class_list":{"0":"post-293","1":"post","2":"type-post","3":"status-publish","4":"format-standard","6":"category-noticias","7":"entry"},"_links":{"self":[{"href":"https:\/\/blogs.ugr.es\/exploracreaofrecegranada\/wp-json\/wp\/v2\/posts\/293","targetHints":{"allow":["GET"]}}],"collection":[{"href":"https:\/\/blogs.ugr.es\/exploracreaofrecegranada\/wp-json\/wp\/v2\/posts"}],"about":[{"href":"https:\/\/blogs.ugr.es\/exploracreaofrecegranada\/wp-json\/wp\/v2\/types\/post"}],"author":[{"embeddable":true,"href":"https:\/\/blogs.ugr.es\/exploracreaofrecegranada\/wp-json\/wp\/v2\/users\/662"}],"replies":[{"embeddable":true,"href":"https:\/\/blogs.ugr.es\/exploracreaofrecegranada\/wp-json\/wp\/v2\/comments?post=293"}],"version-history":[{"count":3,"href":"https:\/\/blogs.ugr.es\/exploracreaofrecegranada\/wp-json\/wp\/v2\/posts\/293\/revisions"}],"predecessor-version":[{"id":299,"href":"https:\/\/blogs.ugr.es\/exploracreaofrecegranada\/wp-json\/wp\/v2\/posts\/293\/revisions\/299"}],"wp:attachment":[{"href":"https:\/\/blogs.ugr.es\/exploracreaofrecegranada\/wp-json\/wp\/v2\/media?parent=293"}],"wp:term":[{"taxonomy":"category","embeddable":true,"href":"https:\/\/blogs.ugr.es\/exploracreaofrecegranada\/wp-json\/wp\/v2\/categories?post=293"},{"taxonomy":"post_tag","embeddable":true,"href":"https:\/\/blogs.ugr.es\/exploracreaofrecegranada\/wp-json\/wp\/v2\/tags?post=293"}],"curies":[{"name":"wp","href":"https:\/\/api.w.org\/{rel}","templated":true}]}}