{"id":350,"date":"2023-11-07T17:59:45","date_gmt":"2023-11-07T16:59:45","guid":{"rendered":"https:\/\/blogs.ugr.es\/filosofiasocial\/?p=350"},"modified":"2023-11-07T18:01:26","modified_gmt":"2023-11-07T17:01:26","slug":"participacion-en-las-jornadas-materialismo-y-cultura-ucm","status":"publish","type":"post","link":"https:\/\/blogs.ugr.es\/filosofiasocial\/participacion-en-las-jornadas-materialismo-y-cultura-ucm\/","title":{"rendered":"Participaci\u00f3n en las jornadas \u201cMaterialismo y cultura\u201d (UCM)"},"content":{"rendered":"<p><img loading=\"lazy\" decoding=\"async\" class=\"alignnone size-full wp-image-351\" src=\"https:\/\/blogs.ugr.es\/filosofiasocial\/wp-content\/uploads\/sites\/138\/2023\/11\/F-AQ1mNWMAAcB44.jpeg\" alt=\"\" width=\"566\" height=\"800\" srcset=\"https:\/\/blogs.ugr.es\/filosofiasocial\/wp-content\/uploads\/sites\/138\/2023\/11\/F-AQ1mNWMAAcB44.jpeg 566w, https:\/\/blogs.ugr.es\/filosofiasocial\/wp-content\/uploads\/sites\/138\/2023\/11\/F-AQ1mNWMAAcB44-212x300.jpeg 212w, https:\/\/blogs.ugr.es\/filosofiasocial\/wp-content\/uploads\/sites\/138\/2023\/11\/F-AQ1mNWMAAcB44-495x700.jpeg 495w\" sizes=\"auto, (max-width: 566px) 100vw, 566px\" \/> <img loading=\"lazy\" decoding=\"async\" class=\"alignnone size-full wp-image-352\" src=\"https:\/\/blogs.ugr.es\/filosofiasocial\/wp-content\/uploads\/sites\/138\/2023\/11\/F-APAcQWEAAFfa0.jpeg\" alt=\"\" width=\"566\" height=\"800\" srcset=\"https:\/\/blogs.ugr.es\/filosofiasocial\/wp-content\/uploads\/sites\/138\/2023\/11\/F-APAcQWEAAFfa0.jpeg 566w, https:\/\/blogs.ugr.es\/filosofiasocial\/wp-content\/uploads\/sites\/138\/2023\/11\/F-APAcQWEAAFfa0-212x300.jpeg 212w, https:\/\/blogs.ugr.es\/filosofiasocial\/wp-content\/uploads\/sites\/138\/2023\/11\/F-APAcQWEAAFfa0-495x700.jpeg 495w\" sizes=\"auto, (max-width: 566px) 100vw, 566px\" \/> <img loading=\"lazy\" decoding=\"async\" class=\"alignnone size-full wp-image-353\" src=\"https:\/\/blogs.ugr.es\/filosofiasocial\/wp-content\/uploads\/sites\/138\/2023\/11\/F-AOoOJXAAApb6y.jpeg\" alt=\"\" width=\"566\" height=\"800\" srcset=\"https:\/\/blogs.ugr.es\/filosofiasocial\/wp-content\/uploads\/sites\/138\/2023\/11\/F-AOoOJXAAApb6y.jpeg 566w, https:\/\/blogs.ugr.es\/filosofiasocial\/wp-content\/uploads\/sites\/138\/2023\/11\/F-AOoOJXAAApb6y-212x300.jpeg 212w, https:\/\/blogs.ugr.es\/filosofiasocial\/wp-content\/uploads\/sites\/138\/2023\/11\/F-AOoOJXAAApb6y-495x700.jpeg 495w\" sizes=\"auto, (max-width: 566px) 100vw, 566px\" \/><\/p>\n<p>Los pr\u00f3ximos d\u00edas 13 y 14 de noviembre, <strong>Jos\u00e9 Luis Moreno Pesta\u00f1a<\/strong> y <strong>Violeta Garrido<\/strong> participar\u00e1n en el encuentro \u201cMaterialismo y cultura. Itinerarios, tensiones y ambivalencias del marxismo\u201d, que se celebrar\u00e1 en la Facultad de Filosof\u00eda de la Universidad Complutense de Madrid. El d\u00eda 13 por la tarde tendr\u00e1 lugar la ponencia de Violeta Garrido titulada \u201cTransiciones hacia el sujeto: una perspectiva marxista comparada\u201d (Edificio A, seminario 25) y el d\u00eda 14 a las 18:30 intervendr\u00e1 Jos\u00e9 Luis Moreno Pesta\u00f1a con la suya, que lleva por t\u00edtulo \u201cMarxismo e inconsciente\u201d (Edificio B, aula B21A).<\/p>\n","protected":false},"excerpt":{"rendered":"<p>Los pr\u00f3ximos d\u00edas 13 y 14 de noviembre, Jos\u00e9 Luis Moreno Pesta\u00f1a y Violeta Garrido participar\u00e1n en el encuentro \u201cMaterialismo y cultura. Itinerarios, tensiones y ambivalencias del marxismo\u201d, que se celebrar\u00e1 en la Facultad de Filosof\u00eda de la Universidad Complutense de Madrid. El d\u00eda 13 por la tarde tendr\u00e1 lugar la ponencia de Violeta Garrido [&hellip;]<\/p>\n","protected":false},"author":631,"featured_media":0,"comment_status":"closed","ping_status":"closed","sticky":false,"template":"","format":"standard","meta":{"_genesis_hide_title":false,"_genesis_hide_breadcrumbs":false,"_genesis_hide_singular_image":false,"_genesis_hide_footer_widgets":false,"_genesis_custom_body_class":"","_genesis_custom_post_class":"","_genesis_layout":"","footnotes":""},"categories":[8],"tags":[91,94,61,35,60,88,92,90,89,87,93],"class_list":{"0":"post-350","1":"post","2":"type-post","3":"status-publish","4":"format-standard","6":"category-encuentros-congresos-seminarios","7":"tag-congreso","8":"tag-cultura","9":"tag-inconsciente","10":"tag-jose-luis-moreno-pestana","11":"tag-marxismo","12":"tag-materialismo","13":"tag-ponencia","14":"tag-sujeto","15":"tag-transicion","16":"tag-universidad-complutense-de-madrid","17":"tag-violeta-garrido","18":"entry"},"_links":{"self":[{"href":"https:\/\/blogs.ugr.es\/filosofiasocial\/wp-json\/wp\/v2\/posts\/350","targetHints":{"allow":["GET"]}}],"collection":[{"href":"https:\/\/blogs.ugr.es\/filosofiasocial\/wp-json\/wp\/v2\/posts"}],"about":[{"href":"https:\/\/blogs.ugr.es\/filosofiasocial\/wp-json\/wp\/v2\/types\/post"}],"author":[{"embeddable":true,"href":"https:\/\/blogs.ugr.es\/filosofiasocial\/wp-json\/wp\/v2\/users\/631"}],"replies":[{"embeddable":true,"href":"https:\/\/blogs.ugr.es\/filosofiasocial\/wp-json\/wp\/v2\/comments?post=350"}],"version-history":[{"count":1,"href":"https:\/\/blogs.ugr.es\/filosofiasocial\/wp-json\/wp\/v2\/posts\/350\/revisions"}],"predecessor-version":[{"id":354,"href":"https:\/\/blogs.ugr.es\/filosofiasocial\/wp-json\/wp\/v2\/posts\/350\/revisions\/354"}],"wp:attachment":[{"href":"https:\/\/blogs.ugr.es\/filosofiasocial\/wp-json\/wp\/v2\/media?parent=350"}],"wp:term":[{"taxonomy":"category","embeddable":true,"href":"https:\/\/blogs.ugr.es\/filosofiasocial\/wp-json\/wp\/v2\/categories?post=350"},{"taxonomy":"post_tag","embeddable":true,"href":"https:\/\/blogs.ugr.es\/filosofiasocial\/wp-json\/wp\/v2\/tags?post=350"}],"curies":[{"name":"wp","href":"https:\/\/api.w.org\/{rel}","templated":true}]}}