{"id":389,"date":"2024-02-10T11:38:17","date_gmt":"2024-02-10T10:38:17","guid":{"rendered":"https:\/\/blogs.ugr.es\/filosofiasocial\/?p=389"},"modified":"2024-02-05T11:44:09","modified_gmt":"2024-02-05T10:44:09","slug":"los-ordenes-filosoficos-de-foucault-conferencia-en-congreso-internacional-biopol-michel-foucault-y-la-literatura-historia-vida-politica","status":"publish","type":"post","link":"https:\/\/blogs.ugr.es\/filosofiasocial\/los-ordenes-filosoficos-de-foucault-conferencia-en-congreso-internacional-biopol-michel-foucault-y-la-literatura-historia-vida-politica\/","title":{"rendered":"Los \u00f3rdenes filos\u00f3ficos de Foucault, conferencia en Congreso Internacional Biopol \u00abMichel Foucault y la literatura: historia, vida, pol\u00edtica\u00bb"},"content":{"rendered":"<h5><img loading=\"lazy\" decoding=\"async\" class=\"alignnone size-full wp-image-390\" src=\"https:\/\/blogs.ugr.es\/filosofiasocial\/wp-content\/uploads\/sites\/138\/2024\/02\/cae2f727f04cdc52e6033658e678cecc.jpg\" alt=\"\" width=\"566\" height=\"800\" srcset=\"https:\/\/blogs.ugr.es\/filosofiasocial\/wp-content\/uploads\/sites\/138\/2024\/02\/cae2f727f04cdc52e6033658e678cecc.jpg 566w, https:\/\/blogs.ugr.es\/filosofiasocial\/wp-content\/uploads\/sites\/138\/2024\/02\/cae2f727f04cdc52e6033658e678cecc-212x300.jpg 212w, https:\/\/blogs.ugr.es\/filosofiasocial\/wp-content\/uploads\/sites\/138\/2024\/02\/cae2f727f04cdc52e6033658e678cecc-495x700.jpg 495w\" sizes=\"auto, (max-width: 566px) 100vw, 566px\" \/><\/h5>\n<p>Pr\u00f3ximamente tendr\u00e1 lugar el Congreso Internacional Biopol \u201cMichel Foucault y la literatura: historia, vida, pol\u00edtica\u201d, en el que participar\u00e1 <strong>Jos\u00e9 Luis Moreno Pesta\u00f1a<\/strong>, miembro de nuestro grupo, con una conferencia titulada \u201cLos \u00f3rdenes filos\u00f3ficos de Foucault\u201d. El horario del congreso es el siguiente:<\/p>\n<h5>Mi\u00e9rcoles, 21 de febrero de 2024<\/h5>\n<table class=\"inline\" summary=\"\">\n<tbody>\n<tr>\n<td width=\"20%\">10:00<\/td>\n<td>Conferencia de inauguraci\u00f3n: Foucault\u2019s \u00abcare of the self\u00bb. Is literature an attention to the self or to others?<br \/>\nFabienne Brug\u00e8re<br \/>\nPresenta\u00a0Azucena G. Blanco<\/td>\n<\/tr>\n<tr>\n<td width=\"20%\">11:00<\/td>\n<td>Descanso<\/td>\n<\/tr>\n<tr>\n<td width=\"20%\">11:20<\/td>\n<td>Mesa de conferencias<br \/>\nLibert\u00e9 sous contraintes, cr\u00e9ation inconditionn\u00e9e: la le\u00e7on politique de la litt\u00e9rature<br \/>\nJudith Revel<br \/>\nSujetos de deseo: la verdad del eros<br \/>\nAzucena G. Blanco<\/td>\n<\/tr>\n<tr>\n<td width=\"20%\">13:00<\/td>\n<td>Descanso<\/td>\n<\/tr>\n<tr>\n<td width=\"20%\">17:30<\/td>\n<td>Mesa de conferencias. Presenta\u00a0Azucena G. Blanco<br \/>\nLe discours philosophique au plus loin et au plus pr\u00e8s du langage de fiction\u00bb: philosophie et fiction apr\u00e8s la grande mutation nietzsch\u00e9enne<br \/>\nOrazio Irrera<br \/>\n<strong>Los \u00f3rdenes filos\u00f3ficos de Foucault<\/strong><br \/>\n<strong>Jos\u00e9 Luis Moreno Pesta\u00f1a<\/strong><br \/>\nDramaturgia judicial. El desaf\u00edo del juramento, la indagaci\u00f3n de la verdad y la instituci\u00f3n de la confesi\u00f3n<br \/>\nDaniel J. Garc\u00eda<\/td>\n<\/tr>\n<\/tbody>\n<\/table>\n<h5>Jueves, 22 de febrero de 2024<\/h5>\n<table class=\"inline\" style=\"height: 477px\" summary=\"\" width=\"912\">\n<tbody>\n<tr>\n<td width=\"20%\">10:00<\/td>\n<td>Conferencia plenaria. Presenta\u00a0Antonio Al\u00edas<br \/>\nBetween dandyism and anarchism: Foucauldian perspectives on the aesthetics of existence<br \/>\nPhilippe Sabot<\/td>\n<\/tr>\n<tr>\n<td width=\"20%\">11:30<\/td>\n<td>Mesa de conferencias. Presenta\u00a0Jordi Carmona Hurtado<br \/>\nLa pens\u00e9e-artiste. Fonctions de la litt\u00e9rature chez le dernier Foucault<br \/>\nMartin Mees<br \/>\nFoucault: une bo\u00eete \u00e0 outil pour la m\u00e9decine narrative?<br \/>\nIsabelle Galichon<br \/>\nAutocuidado y escrituras del Yo: autobiopol\u00edticas<br \/>\n\u00c1lvaro Luque<\/td>\n<\/tr>\n<tr>\n<td width=\"20%\">13:30<\/td>\n<td>Descanso<\/td>\n<\/tr>\n<tr>\n<td width=\"20%\">17:00<\/td>\n<td>Mesa de conferencias<br \/>\nLiteratura, cultura, lenguaje. El di\u00e1logo Foucault-Barthes en los a\u00f1os sesenta<br \/>\nJulieta Yelin&nbsp;<\/p>\n<p>Carlos Pardo<\/td>\n<\/tr>\n<\/tbody>\n<\/table>\n<h5>Viernes, 23 de febrero de 2024<\/h5>\n<table class=\"inline\" style=\"height: 270px\" summary=\"\" width=\"907\">\n<tbody>\n<tr>\n<td width=\"20%\">10:00<\/td>\n<td><strong>Conferencia plenaria. Presenta\u00a0Jos\u00e9 Luis Moreno Pesta\u00f1a<\/strong><br \/>\nEl caso Sade:\u00a0<em>Un incesante murmullo primordial<\/em><br \/>\nMiguel Morey<\/td>\n<\/tr>\n<tr>\n<td width=\"20%\">11:30<\/td>\n<td>Mesa de conferencias. Presenta\u00a0Antonio Al\u00edas<br \/>\nArianna Sforzini<br \/>\nDos lecturas contraculturales de Sade: Michel Foucault y Agust\u00edn Garc\u00eda Calvo<br \/>\nJordi Carmona Hurtado<\/td>\n<\/tr>\n<tr>\n<td width=\"20%\">12:30<\/td>\n<td>El Intelectual y su memoria:\u00a0Fr\u00e9deric Gros<\/td>\n<\/tr>\n<tr>\n<td width=\"20%\">18:00<\/td>\n<td>Conferencia de clausura<br \/>\nFr\u00e9d\u00e9ric Gros<\/td>\n<\/tr>\n<\/tbody>\n<\/table>\n","protected":false},"excerpt":{"rendered":"<p>Pr\u00f3ximamente tendr\u00e1 lugar el Congreso Internacional Biopol \u201cMichel Foucault y la literatura: historia, vida, pol\u00edtica\u201d, en el que participar\u00e1 Jos\u00e9 Luis Moreno Pesta\u00f1a, miembro de nuestro grupo, con una conferencia titulada \u201cLos \u00f3rdenes filos\u00f3ficos de Foucault\u201d. El horario del congreso es el siguiente: Mi\u00e9rcoles, 21 de febrero de 2024 10:00 Conferencia de inauguraci\u00f3n: Foucault\u2019s \u00abcare [&hellip;]<\/p>\n","protected":false},"author":631,"featured_media":0,"comment_status":"closed","ping_status":"closed","sticky":false,"template":"","format":"standard","meta":{"_genesis_hide_title":false,"_genesis_hide_breadcrumbs":false,"_genesis_hide_singular_image":false,"_genesis_hide_footer_widgets":false,"_genesis_custom_body_class":"","_genesis_custom_post_class":"","_genesis_layout":"","footnotes":""},"categories":[8],"tags":[138,91,21,137],"class_list":{"0":"post-389","1":"post","2":"type-post","3":"status-publish","4":"format-standard","6":"category-encuentros-congresos-seminarios","7":"tag-biopolitica","8":"tag-congreso","9":"tag-filosofia","10":"tag-michel-foucault","11":"entry"},"_links":{"self":[{"href":"https:\/\/blogs.ugr.es\/filosofiasocial\/wp-json\/wp\/v2\/posts\/389","targetHints":{"allow":["GET"]}}],"collection":[{"href":"https:\/\/blogs.ugr.es\/filosofiasocial\/wp-json\/wp\/v2\/posts"}],"about":[{"href":"https:\/\/blogs.ugr.es\/filosofiasocial\/wp-json\/wp\/v2\/types\/post"}],"author":[{"embeddable":true,"href":"https:\/\/blogs.ugr.es\/filosofiasocial\/wp-json\/wp\/v2\/users\/631"}],"replies":[{"embeddable":true,"href":"https:\/\/blogs.ugr.es\/filosofiasocial\/wp-json\/wp\/v2\/comments?post=389"}],"version-history":[{"count":1,"href":"https:\/\/blogs.ugr.es\/filosofiasocial\/wp-json\/wp\/v2\/posts\/389\/revisions"}],"predecessor-version":[{"id":391,"href":"https:\/\/blogs.ugr.es\/filosofiasocial\/wp-json\/wp\/v2\/posts\/389\/revisions\/391"}],"wp:attachment":[{"href":"https:\/\/blogs.ugr.es\/filosofiasocial\/wp-json\/wp\/v2\/media?parent=389"}],"wp:term":[{"taxonomy":"category","embeddable":true,"href":"https:\/\/blogs.ugr.es\/filosofiasocial\/wp-json\/wp\/v2\/categories?post=389"},{"taxonomy":"post_tag","embeddable":true,"href":"https:\/\/blogs.ugr.es\/filosofiasocial\/wp-json\/wp\/v2\/tags?post=389"}],"curies":[{"name":"wp","href":"https:\/\/api.w.org\/{rel}","templated":true}]}}