{"id":418,"date":"2024-04-17T10:16:08","date_gmt":"2024-04-17T08:16:08","guid":{"rendered":"https:\/\/blogs.ugr.es\/filosofiasocial\/?p=418"},"modified":"2024-04-17T10:16:08","modified_gmt":"2024-04-17T08:16:08","slug":"mesa-redonda-la-teoria-y-la-historia-de-la-produccion-ideologica-hoy","status":"publish","type":"post","link":"https:\/\/blogs.ugr.es\/filosofiasocial\/mesa-redonda-la-teoria-y-la-historia-de-la-produccion-ideologica-hoy\/","title":{"rendered":"Mesa redonda: La teor\u00eda y la historia de la producci\u00f3n ideol\u00f3gica, hoy"},"content":{"rendered":"<p><img loading=\"lazy\" decoding=\"async\" class=\"alignnone size-full wp-image-419\" src=\"https:\/\/blogs.ugr.es\/filosofiasocial\/wp-content\/uploads\/sites\/138\/2024\/04\/WhatsApp-Image-2024-04-16-at-19.09.21.jpeg\" alt=\"\" width=\"426\" height=\"800\" srcset=\"https:\/\/blogs.ugr.es\/filosofiasocial\/wp-content\/uploads\/sites\/138\/2024\/04\/WhatsApp-Image-2024-04-16-at-19.09.21.jpeg 426w, https:\/\/blogs.ugr.es\/filosofiasocial\/wp-content\/uploads\/sites\/138\/2024\/04\/WhatsApp-Image-2024-04-16-at-19.09.21-160x300.jpeg 160w, https:\/\/blogs.ugr.es\/filosofiasocial\/wp-content\/uploads\/sites\/138\/2024\/04\/WhatsApp-Image-2024-04-16-at-19.09.21-373x700.jpeg 373w\" sizes=\"auto, (max-width: 426px) 100vw, 426px\" \/><\/p>\n<p>El pr\u00f3ximo <strong>9 de mayo<\/strong> a las 20 horas tendr\u00e1 lugar en el Palacio de La Madraza una mesa redonda organizada por la C\u00e1tedra Juan Carlos Rodr\u00edguez de Teor\u00eda Cr\u00edtica sobre las aportaciones fundamentales de este \u00faltimo al pensamiento. Intervendr\u00e1n <strong>Jos\u00e9 Luis Moreno Pesta\u00f1a<\/strong> y <strong>Jos\u00e9 Luis Bell\u00f3n Aguilera<\/strong>, miembros de nuestro grupo, abordando las cuestiones filos\u00f3ficas y literarias m\u00e1s relevantes. La entrada es libre hasta completar aforo.<\/p>\n","protected":false},"excerpt":{"rendered":"<p>El pr\u00f3ximo 9 de mayo a las 20 horas tendr\u00e1 lugar en el Palacio de La Madraza una mesa redonda organizada por la C\u00e1tedra Juan Carlos Rodr\u00edguez de Teor\u00eda Cr\u00edtica sobre las aportaciones fundamentales de este \u00faltimo al pensamiento. Intervendr\u00e1n Jos\u00e9 Luis Moreno Pesta\u00f1a y Jos\u00e9 Luis Bell\u00f3n Aguilera, miembros de nuestro grupo, abordando las [&hellip;]<\/p>\n","protected":false},"author":631,"featured_media":0,"comment_status":"closed","ping_status":"closed","sticky":false,"template":"","format":"standard","meta":{"_genesis_hide_title":false,"_genesis_hide_breadcrumbs":false,"_genesis_hide_singular_image":false,"_genesis_hide_footer_widgets":false,"_genesis_custom_body_class":"","_genesis_custom_post_class":"","_genesis_layout":"","footnotes":""},"categories":[8],"tags":[154,55,103,159,40,160],"class_list":{"0":"post-418","1":"post","2":"type-post","3":"status-publish","4":"format-standard","6":"category-encuentros-congresos-seminarios","7":"tag-ideologia","8":"tag-juan-carlos-rodriguez","9":"tag-literatura","10":"tag-mesa-redonda","11":"tag-teoria-critica","12":"tag-teoria-e-historia-de-la-produccion-ideologica","13":"entry"},"_links":{"self":[{"href":"https:\/\/blogs.ugr.es\/filosofiasocial\/wp-json\/wp\/v2\/posts\/418","targetHints":{"allow":["GET"]}}],"collection":[{"href":"https:\/\/blogs.ugr.es\/filosofiasocial\/wp-json\/wp\/v2\/posts"}],"about":[{"href":"https:\/\/blogs.ugr.es\/filosofiasocial\/wp-json\/wp\/v2\/types\/post"}],"author":[{"embeddable":true,"href":"https:\/\/blogs.ugr.es\/filosofiasocial\/wp-json\/wp\/v2\/users\/631"}],"replies":[{"embeddable":true,"href":"https:\/\/blogs.ugr.es\/filosofiasocial\/wp-json\/wp\/v2\/comments?post=418"}],"version-history":[{"count":1,"href":"https:\/\/blogs.ugr.es\/filosofiasocial\/wp-json\/wp\/v2\/posts\/418\/revisions"}],"predecessor-version":[{"id":420,"href":"https:\/\/blogs.ugr.es\/filosofiasocial\/wp-json\/wp\/v2\/posts\/418\/revisions\/420"}],"wp:attachment":[{"href":"https:\/\/blogs.ugr.es\/filosofiasocial\/wp-json\/wp\/v2\/media?parent=418"}],"wp:term":[{"taxonomy":"category","embeddable":true,"href":"https:\/\/blogs.ugr.es\/filosofiasocial\/wp-json\/wp\/v2\/categories?post=418"},{"taxonomy":"post_tag","embeddable":true,"href":"https:\/\/blogs.ugr.es\/filosofiasocial\/wp-json\/wp\/v2\/tags?post=418"}],"curies":[{"name":"wp","href":"https:\/\/api.w.org\/{rel}","templated":true}]}}