{"id":442,"date":"2024-05-22T19:06:08","date_gmt":"2024-05-22T17:06:08","guid":{"rendered":"https:\/\/blogs.ugr.es\/filosofiasocial\/?p=442"},"modified":"2024-05-23T10:30:48","modified_gmt":"2024-05-23T08:30:48","slug":"defensa-de-la-tesis-doctoral-no-se-nace-presidenta-la-trayectoria-politica-de-dilma-rousseff","status":"publish","type":"post","link":"https:\/\/blogs.ugr.es\/filosofiasocial\/defensa-de-la-tesis-doctoral-no-se-nace-presidenta-la-trayectoria-politica-de-dilma-rousseff\/","title":{"rendered":"Defensa de la Tesis Doctoral \u201cNo se nace presidenta: La trayectoria pol\u00edtica de Dilma Rousseff\u201d"},"content":{"rendered":"<p><img loading=\"lazy\" decoding=\"async\" class=\"alignnone size-full wp-image-449\" src=\"https:\/\/blogs.ugr.es\/filosofiasocial\/wp-content\/uploads\/sites\/138\/2024\/05\/GOMyd94WAAA-SUt.jpeg\" alt=\"\" width=\"800\" height=\"800\" srcset=\"https:\/\/blogs.ugr.es\/filosofiasocial\/wp-content\/uploads\/sites\/138\/2024\/05\/GOMyd94WAAA-SUt.jpeg 800w, https:\/\/blogs.ugr.es\/filosofiasocial\/wp-content\/uploads\/sites\/138\/2024\/05\/GOMyd94WAAA-SUt-300x300.jpeg 300w, https:\/\/blogs.ugr.es\/filosofiasocial\/wp-content\/uploads\/sites\/138\/2024\/05\/GOMyd94WAAA-SUt-700x700.jpeg 700w, https:\/\/blogs.ugr.es\/filosofiasocial\/wp-content\/uploads\/sites\/138\/2024\/05\/GOMyd94WAAA-SUt-150x150.jpeg 150w\" sizes=\"auto, (max-width: 800px) 100vw, 800px\" \/><\/p>\n<p style=\"font-weight: 400\">El 21 de junio de 2024,<strong> J\u00e9ssica Mayara de Melo Rivetti<\/strong>, investigadora de la C\u00e1tedra Extraordinaria de Filosof\u00eda Moral de la Discriminaci\u00f3n Corporal de la Universidad de Granada, defender\u00e1 en la Facultad de Filosof\u00eda, Letras y Ciencias Humanas de la Universidad de S\u00e3o Paulo (FFLCH-USP) la tesis doctoral titulada <strong>\u201cNo se nace presidenta: La trayectoria pol\u00edtica de Dilma Rousseff\u201d<\/strong>. La investigaci\u00f3n ha sido dirigida por Jos\u00e9 Luis Moreno Pesta\u00f1a, Profesor Titular de Filosof\u00eda Moral de la Universidad de Granada y por Ana Paula Hey, Profesora de Sociolog\u00eda en la Universidad de S\u00e3o Paulo.<\/p>\n<p style=\"font-weight: 400\">La investigaci\u00f3n realizada en cotutela y doble titulaci\u00f3n proporciona una visi\u00f3n profunda sobre la carrera profesional de la primera y unica presidenta brasile\u00f1a, adem\u00e1s de subrayar la importancia del capital er\u00f3tico y la transformaci\u00f3n morfol\u00f3gica en el contexto pol\u00edtico, especialmente para las mujeres que buscan acceder a altos cargos en un campo dominado por hombres.<\/p>\n<p style=\"font-weight: 400\">Elegida en 2010, Dilma Rousseff del Partido de los Trabajadores (PT), quien hasta entonces era una reci\u00e9n llegada a la escena electoral, presenta una trayectoria \u00fanica para entender el acceso de las mujeres al cargo de mayor prestigio en el campo pol\u00edtico democr\u00e1tico, el Ejecutivo Nacional. Contrariamente a los enfoques habituales sobre la pol\u00edtica, la tesis busca comprender qu\u00e9 la llev\u00f3 a ascender por la rampa del Palacio del Planalto, en lugar de lo que la hizo dejar el cargo prematuramente despu\u00e9s de haber sufrido un proceso de destituci\u00f3n en 2016. En este sentido, los factores de originalidad de la investigaci\u00f3n radican en el enfoque del tema, partiendo de una perspectiva sociol\u00f3gica que, respaldada por la teor\u00eda de Bourdieu, tiene como objetivo comprender el campo pol\u00edtico brasile\u00f1o hasta su primera victoria electoral. Adem\u00e1s de reflexionar sobre las distintas formas de inversi\u00f3n de la pol\u00edtica en el desarollo de su capital er\u00f3tico para conformarse una imagen publica admisible al rol de presidenta (rol que hasta entonces, nunca hab\u00eda sido ocupado por otra mujer en el pa\u00eds latino-americano).<\/p>\n<p style=\"font-weight: 400\">Para ello, se realiz\u00f3 un estudio de su trayectoria pol\u00edtica centr\u00e1ndose en las instituciones presentes en su historia de vida, los tipos de capital (cultural\/er\u00f3tico, econ\u00f3mico y social) y su linaje pol\u00edtico. A trav\u00e9s del an\u00e1lisis de diversos materiales c\u00f3mo peri\u00f3dicos, programas electorales y entrevistas de profundidad, se observ\u00f3 que Dilma enfrent\u00f3 el desaf\u00edo de presentarse como una figura pol\u00edtica fuerte y competente, al mismo tiempo que enfrentaba estereotipos de g\u00e9nero arraigados en la sociedad brasile\u00f1a, resultado de la hist\u00f3rica dominaci\u00f3n masculina. Para tanto, su campa\u00f1a busc\u00f3 desafiar estos modelos, enfatizando sus logros pol\u00edticos y habilidades de liderazgo, mientras tanto, en otros momentos, tambi\u00e9n explor\u00f3 elementos de feminidad y \u00e9tica del cuidado para atraer un mayor apoyo del electorado.<\/p>\n<p style=\"font-weight: 400\">Especialmente en los cap\u00edtulos \u201cCapital er\u00f3tico: H\u00e9xis corporal e assimetrias de g\u00eanero\u201d y \u201cComo uma pol\u00edtica se parece? Representa\u00e7\u00e3o e reprodu\u00e7\u00e3o de estere\u00f3tipos de g\u00eanero\u201d ha sido debatido las contribuciones y limitaciones de la noci\u00f3n de capital er\u00f3tico para subsidiar la interpretaci\u00f3n del capital cultural. Entre las intenciones de la investigaci\u00f3n estaba probar la hip\u00f3tesis de que el uso del capital er\u00f3tico puede ser un recurso viable en el campo pol\u00edtico, para la construcci\u00f3n de campa\u00f1as electorales y la imagen p\u00fablica de pol\u00edticos y pol\u00edticas. O sea, se trata tambi\u00e9n de un punto reflexivo fundamental para pensar los efectos del capital er\u00f3tico, sobre todo en los cuerpos de mujeres \u2013 que son sistem\u00e1ticamente presionadas y obligadas a someterse a modificaciones corporales en nombre de una mayor ampliaci\u00f3n y conquista de la simpat\u00eda de la clientela. En el caso de las pol\u00edticas, el objetivo es aumentar el apoyo utilizando formas de atracci\u00f3n dirigidas al electorado.<\/p>\n<p style=\"font-weight: 400\">En este sentido, los resultados de este estudio contribuyen a una mejor comprensi\u00f3n del papel del capital er\u00f3tico en la pol\u00edtica y del impacto de las representaciones de las mujeres en el campo pol\u00edtico. Adem\u00e1s, destacan la importancia de construir una imagen p\u00fablica coherente y efectiva para las candidatas que buscan superar barreras materiales y simb\u00f3licas en cargos de prestigio en el mundo social para obtener el reconocimiento de sus agencias pol\u00edticas.<\/p>\n<p style=\"font-weight: 400\">A partir de un an\u00e1lisis de los materiales recopilados y analizados, se puede afirmar que Dilma es una agente pol\u00edtica y su victoria presidencial no debe ser definida como un resultado del azar y de una construcci\u00f3n de su padrino pol\u00edtico. Tanto que frases comunes en el cotidiano brasile\u00f1o en la \u00e9poca, como \u201cLula elegir\u00eda a cualquiera que \u00e9l indicara\u201d dan cuenta del innegable apoyo popular y de bases sindicales reunido por el l\u00edder petista, pero anulan por completo las acciones desempe\u00f1adas por Dilma. Como se observ\u00f3, los discursos promovidos por los partidos de centro y de derecha reproduc\u00edan este tipo de justificaci\u00f3n de inexperiencia en las urnas o de \u201ccreaci\u00f3n de Lula\u201d para opacar la experiencia pol\u00edtica de la agente. Primero, denomin\u00e1ndola \u201cposte\u201d (o farola) y \u201ctapa-agujeros\u201d, despu\u00e9s, como una persona \u201cradical\u201d y \u201cautoritaria\u201d que no era poseedora de los c\u00f3digos pol\u00edticos y que no dialogaba con sus pares.<\/p>\n<p style=\"font-weight: 400\">Las credenciales de la pol\u00edtica, sancionadas en las urnas, demuestran que ella presentaba y representaba capitales leg\u00edtimos en un contexto en el que ser una mujer \u2013 hist\u00f3ricamente interpretado como una posici\u00f3n de subalternidad \u2013 jug\u00f3 a su favor para su victoria electoral y fue uno de los recursos m\u00e1s eficaces para la atracci\u00f3n del electorado. Su experiencia profesional acumulada en la secuencia de cargos de alto rango (que confirman un elevado grado de confianza en su persona por parte de los pol\u00edticos hombres que la nombraron) en diferentes niveles institucionales (municipal, estatal y nacional) tambi\u00e9n se\u00f1alan la aptitud y competencia para el ejercicio de la funci\u00f3n p\u00fablica. Como era una figura \u201cnueva\u201d en las urnas y, muchas veces, incluso desconocida, Dilma logr\u00f3 desvincularse f\u00e1cilmente del esc\u00e1ndalo pol\u00edtico-partidario \u201cMensal\u00e3o\u201d \u2013 aunque hubo un esfuerzo por parte de los medios de comunicaci\u00f3n hegem\u00f3nicos para asociarla a un supuesto delito de corrupci\u00f3n cometido por su sucesora en la Casa Civil. Adem\u00e1s, al no ser identificada como un cuadro tradicional del PT, debido a su participaci\u00f3n activa en el trabajismo ga\u00facho (MDB y PDT), fue eximida de cr\u00edticas dirigidas a los \u201cviejos\u201d pol\u00edticos profesionales, carreristas, que estaban siendo delatados y que, como consecuencia, se convirtieron en blanco del rechazo de la poblaci\u00f3n.<\/p>\n<p style=\"font-weight: 400\">Fue posible concluir, por fin, que en el campo pol\u00edtico latino-americano en fines de la primera d\u00e9cada del 2000, Dilma era, sin duda, la mejor opci\u00f3n de la izquierda brasile\u00f1a para la construcci\u00f3n de la estrategia de marketing electoral, pues se trataba de una outsider en campa\u00f1as pol\u00edticas pero que pose\u00eda vasta experiencia en la vida p\u00fablica. Reconocida como intelectual y poseedora de un gran acervo de capital cultural, era capaz de rebatir las cr\u00edticas dirigidas al presidente Lula. La \u201cmujer de Lula\u201d tampoco compet\u00eda con el presidente, figura \u00fanica en su liderazgo carism\u00e1tico. Por un lado, ten\u00edamos al obrero popular, con poca escolaridad, vasta experiencia en liderazgo sindical y en disputas electorales. Por otro, una mujer m\u00e1s reservada, con reconocidas habilidades intelectuales, amplio capital cultural, experiencia en organizaciones marxistas durante la dictadura c\u00edvico-militar en la d\u00e9cada de 1970, dominios t\u00e9cnicos en la gesti\u00f3n p\u00fablica y que invirti\u00f3 severamente en una remodelaci\u00f3n est\u00e9tica, visual y corporal para la feminizaci\u00f3n y suavizaci\u00f3n de su imagen, para consolidarse, aunque de manera maquillada, como una mujer matronal, la \u201cDilm\u00e3e\u201d, presidenciable. En resumen: no se nace presidenta; se convierte en una.<\/p>\n","protected":false},"excerpt":{"rendered":"<p>El 21 de junio de 2024, J\u00e9ssica Mayara de Melo Rivetti, investigadora de la C\u00e1tedra Extraordinaria de Filosof\u00eda Moral de la Discriminaci\u00f3n Corporal de la Universidad de Granada, defender\u00e1 en la Facultad de Filosof\u00eda, Letras y Ciencias Humanas de la Universidad de S\u00e3o Paulo (FFLCH-USP) la tesis doctoral titulada \u201cNo se nace presidenta: La trayectoria [&hellip;]<\/p>\n","protected":false},"author":631,"featured_media":0,"comment_status":"closed","ping_status":"closed","sticky":false,"template":"","format":"standard","meta":{"_genesis_hide_title":false,"_genesis_hide_breadcrumbs":false,"_genesis_hide_singular_image":false,"_genesis_hide_footer_widgets":false,"_genesis_custom_body_class":"","_genesis_custom_post_class":"","_genesis_layout":"","footnotes":""},"categories":[9],"tags":[164,169,172,123,15,170],"class_list":{"0":"post-442","1":"post","2":"type-post","3":"status-publish","4":"format-standard","6":"category-publicaciones-academicas","7":"tag-capital-politico","8":"tag-cuerpo","9":"tag-defensa-de-tesis","10":"tag-explotacion","11":"tag-sociologia","12":"tag-tesis-doctoral","13":"entry"},"_links":{"self":[{"href":"https:\/\/blogs.ugr.es\/filosofiasocial\/wp-json\/wp\/v2\/posts\/442","targetHints":{"allow":["GET"]}}],"collection":[{"href":"https:\/\/blogs.ugr.es\/filosofiasocial\/wp-json\/wp\/v2\/posts"}],"about":[{"href":"https:\/\/blogs.ugr.es\/filosofiasocial\/wp-json\/wp\/v2\/types\/post"}],"author":[{"embeddable":true,"href":"https:\/\/blogs.ugr.es\/filosofiasocial\/wp-json\/wp\/v2\/users\/631"}],"replies":[{"embeddable":true,"href":"https:\/\/blogs.ugr.es\/filosofiasocial\/wp-json\/wp\/v2\/comments?post=442"}],"version-history":[{"count":2,"href":"https:\/\/blogs.ugr.es\/filosofiasocial\/wp-json\/wp\/v2\/posts\/442\/revisions"}],"predecessor-version":[{"id":450,"href":"https:\/\/blogs.ugr.es\/filosofiasocial\/wp-json\/wp\/v2\/posts\/442\/revisions\/450"}],"wp:attachment":[{"href":"https:\/\/blogs.ugr.es\/filosofiasocial\/wp-json\/wp\/v2\/media?parent=442"}],"wp:term":[{"taxonomy":"category","embeddable":true,"href":"https:\/\/blogs.ugr.es\/filosofiasocial\/wp-json\/wp\/v2\/categories?post=442"},{"taxonomy":"post_tag","embeddable":true,"href":"https:\/\/blogs.ugr.es\/filosofiasocial\/wp-json\/wp\/v2\/tags?post=442"}],"curies":[{"name":"wp","href":"https:\/\/api.w.org\/{rel}","templated":true}]}}