{"id":524,"date":"2024-10-01T10:09:22","date_gmt":"2024-10-01T08:09:22","guid":{"rendered":"https:\/\/blogs.ugr.es\/filosofiasocial\/?p=524"},"modified":"2024-10-01T10:08:56","modified_gmt":"2024-10-01T08:08:56","slug":"participacion-en-el-curso-igualibertad-des-igualdad-y-ciudadania-universal-en-la-era-de-la-comunicacion-en-dialogo-con-el-pensamiento-de-etienne-balibar-en-la-uclm","status":"publish","type":"post","link":"https:\/\/blogs.ugr.es\/filosofiasocial\/participacion-en-el-curso-igualibertad-des-igualdad-y-ciudadania-universal-en-la-era-de-la-comunicacion-en-dialogo-con-el-pensamiento-de-etienne-balibar-en-la-uclm\/","title":{"rendered":"Participaci\u00f3n en el curso \u201cIgualibertad, des-igualdad y ciudadan\u00eda universal en la era de la comunicaci\u00f3n: en di\u00e1logo con el pensamiento de Etienne Balibar\u201d en la UCLM"},"content":{"rendered":"<p><img loading=\"lazy\" decoding=\"async\" class=\"alignnone size-full wp-image-525\" src=\"https:\/\/blogs.ugr.es\/filosofiasocial\/wp-content\/uploads\/sites\/138\/2024\/09\/Cartel_CV34CU_2024.jpg\" alt=\"\" width=\"500\" height=\"698\" srcset=\"https:\/\/blogs.ugr.es\/filosofiasocial\/wp-content\/uploads\/sites\/138\/2024\/09\/Cartel_CV34CU_2024.jpg 500w, https:\/\/blogs.ugr.es\/filosofiasocial\/wp-content\/uploads\/sites\/138\/2024\/09\/Cartel_CV34CU_2024-215x300.jpg 215w\" sizes=\"auto, (max-width: 500px) 100vw, 500px\" \/><\/p>\n<p>Los pr\u00f3ximos 3 y 4 de octubre tendr\u00e1 lugar en Cuenca el curso dedicado al pensamiento de \u00c9tienne Balibar \u201cIgualibertad, des-igualdad y ciudadan\u00eda universal en la era de la comunicaci\u00f3n\u201d, organizado por la Universidad de Castilla La Mancha. Varios miembros del grupo de \u201cFilosof\u00eda social: an\u00e1lisis cr\u00edtico de la sociedad y de la cultura\u201d (HUM-1036) participar\u00e1n.<\/p>\n<p><strong>Jos\u00e9 Luis Moreno Pesta\u00f1a<\/strong> y <strong>Pablo Beas Mar\u00edn<\/strong> impartir\u00e1n una conferencia titulada \u201cViolencia y transformaci\u00f3n social\u201d. <strong>Violeta Garrido<\/strong> compartir\u00e1 una comunicaci\u00f3n titulada \u201cLa modernidad avanza vestida a la antigua usanza: igualdad y diferencia antropol\u00f3gica\u201d. El programa completo del evento se puede consultar <a href=\"https:\/\/eventos.uclm.es\/116909\/detail\/etienne-balibar-igualibertad-des-igualdad-y-ciudadania-universal.html\">aqu\u00ed<\/a>.<\/p>\n","protected":false},"excerpt":{"rendered":"<p>Los pr\u00f3ximos 3 y 4 de octubre tendr\u00e1 lugar en Cuenca el curso dedicado al pensamiento de \u00c9tienne Balibar \u201cIgualibertad, des-igualdad y ciudadan\u00eda universal en la era de la comunicaci\u00f3n\u201d, organizado por la Universidad de Castilla La Mancha. Varios miembros del grupo de \u201cFilosof\u00eda social: an\u00e1lisis cr\u00edtico de la sociedad y de la cultura\u201d (HUM-1036) [&hellip;]<\/p>\n","protected":false},"author":631,"featured_media":0,"comment_status":"closed","ping_status":"closed","sticky":false,"template":"","format":"standard","meta":{"_genesis_hide_title":false,"_genesis_hide_breadcrumbs":false,"_genesis_hide_singular_image":false,"_genesis_hide_footer_widgets":false,"_genesis_custom_body_class":"","_genesis_custom_post_class":"","_genesis_layout":"","footnotes":""},"categories":[8],"tags":[203,66,26,67,148,202,204,60,189],"class_list":{"0":"post-524","1":"post","2":"type-post","3":"status-publish","4":"format-standard","6":"category-encuentros-congresos-seminarios","7":"tag-ciudadania","8":"tag-curso","9":"tag-democracia","10":"tag-etienne-balibar","11":"tag-filosofia-politica","12":"tag-igualibertad","13":"tag-libertad","14":"tag-marxismo","15":"tag-violencia","16":"entry"},"_links":{"self":[{"href":"https:\/\/blogs.ugr.es\/filosofiasocial\/wp-json\/wp\/v2\/posts\/524","targetHints":{"allow":["GET"]}}],"collection":[{"href":"https:\/\/blogs.ugr.es\/filosofiasocial\/wp-json\/wp\/v2\/posts"}],"about":[{"href":"https:\/\/blogs.ugr.es\/filosofiasocial\/wp-json\/wp\/v2\/types\/post"}],"author":[{"embeddable":true,"href":"https:\/\/blogs.ugr.es\/filosofiasocial\/wp-json\/wp\/v2\/users\/631"}],"replies":[{"embeddable":true,"href":"https:\/\/blogs.ugr.es\/filosofiasocial\/wp-json\/wp\/v2\/comments?post=524"}],"version-history":[{"count":1,"href":"https:\/\/blogs.ugr.es\/filosofiasocial\/wp-json\/wp\/v2\/posts\/524\/revisions"}],"predecessor-version":[{"id":526,"href":"https:\/\/blogs.ugr.es\/filosofiasocial\/wp-json\/wp\/v2\/posts\/524\/revisions\/526"}],"wp:attachment":[{"href":"https:\/\/blogs.ugr.es\/filosofiasocial\/wp-json\/wp\/v2\/media?parent=524"}],"wp:term":[{"taxonomy":"category","embeddable":true,"href":"https:\/\/blogs.ugr.es\/filosofiasocial\/wp-json\/wp\/v2\/categories?post=524"},{"taxonomy":"post_tag","embeddable":true,"href":"https:\/\/blogs.ugr.es\/filosofiasocial\/wp-json\/wp\/v2\/tags?post=524"}],"curies":[{"name":"wp","href":"https:\/\/api.w.org\/{rel}","templated":true}]}}