{"id":527,"date":"2024-10-07T11:26:05","date_gmt":"2024-10-07T09:26:05","guid":{"rendered":"https:\/\/blogs.ugr.es\/filosofiasocial\/?p=527"},"modified":"2024-10-01T11:36:34","modified_gmt":"2024-10-01T09:36:34","slug":"participacion-en-el-congreso-la-granada-desgranada-21-22-noviembre","status":"publish","type":"post","link":"https:\/\/blogs.ugr.es\/filosofiasocial\/participacion-en-el-congreso-la-granada-desgranada-21-22-noviembre\/","title":{"rendered":"Participaci\u00f3n en el congreso \u201cLa Granada desgranada\u201d (21-22 noviembre)"},"content":{"rendered":"<p><img loading=\"lazy\" decoding=\"async\" class=\"size-full wp-image-528\" src=\"https:\/\/blogs.ugr.es\/filosofiasocial\/wp-content\/uploads\/sites\/138\/2024\/10\/Captura-de-pantalla-2024-10-01-a-las-11.27.31.jpg\" alt=\"\" width=\"800\" height=\"554\" srcset=\"https:\/\/blogs.ugr.es\/filosofiasocial\/wp-content\/uploads\/sites\/138\/2024\/10\/Captura-de-pantalla-2024-10-01-a-las-11.27.31.jpg 800w, https:\/\/blogs.ugr.es\/filosofiasocial\/wp-content\/uploads\/sites\/138\/2024\/10\/Captura-de-pantalla-2024-10-01-a-las-11.27.31-300x208.jpg 300w, https:\/\/blogs.ugr.es\/filosofiasocial\/wp-content\/uploads\/sites\/138\/2024\/10\/Captura-de-pantalla-2024-10-01-a-las-11.27.31-700x485.jpg 700w\" sizes=\"auto, (max-width: 800px) 100vw, 800px\" \/><\/p>\n<p>El pr\u00f3ximo 22 de noviembre <strong>Jos\u00e9 Luis Moreno Pesta\u00f1a<\/strong> y <strong>Violeta Garrido<\/strong> participar\u00e1n en el congreso sobre pensamiento cr\u00edtico en Granada \u201cLa Granada desgranada\u201d, que tendr\u00e1 lugar en la Facultad de Derecho. Intervendr\u00e1n respectivamente sobre el movimiento de insumisi\u00f3n y sobre el legado te\u00f3rico de Juan Carlos Rodr\u00edguez. El programa completo se puede consultar <a href=\"https:\/\/blogs.ugr.es\/filosofiasocial\/wp-content\/uploads\/sites\/138\/2024\/10\/Diptico.pdf\">aqu\u00ed<\/a>.<\/p>\n<p>El Congreso \u00abLa Granada desgranada: pensamiento cr\u00edtico en tiempo de crisis (1868-2015)\u00bb se propone trazar la biograf\u00eda de figuras que impulsaron un cierto pensamiento cr\u00edtico, que removieron las ideas literarias y los c\u00e1nones art\u00edsticos, que cimentaron una determinada cultura pol\u00edtica o, en fin, todo ello a la vez. El g\u00e9nero biogr\u00e1fico, en sus intersecciones con la historia, la sociolog\u00eda y la filosof\u00eda, permite conocer c\u00f3mo interactuaban tales saberes e ideas en el m\u00e1s amplio terreno del p\u00fablico y la sociedad. La originalidad y la conveniencia de este abordaje radica en que pone el acento en la relaci\u00f3n entre el espacio p\u00fablico y social en que tiene lugar la cr\u00edtica y el campo institucional que ocasion\u00f3 la producci\u00f3n y la circulaci\u00f3n de este tipo de pensamiento: la Universidad de Granada.<\/p>\n<p>En efecto, este evento aspira a esclarecer las continuidades, las rupturas, los colapsos y el flujo entre movimientos art\u00edsticos y sociales, entre tradiciones literarias y pol\u00edticas, entre filosof\u00edas can\u00f3nicas y marginales, que han emergido bajo el paraguas de la UGR en cinco de los contextos de aguda crisis que han jalonado la historia contempor\u00e1nea de Espa\u00f1a: el Sexenio democr\u00e1tico (1868-1873), la crisis finisecular (1892-1898), la Rep\u00fablica y la guerra civil (1931-1939), la transici\u00f3n del franquismo a la democracia constitucional (1976-1986) y la crisis de este \u00faltimo r\u00e9gimen a partir de 2011. Para ello, se estudiar\u00e1 un grupo de figuras cr\u00edticas que resultan singularmente representativas tanto de la riqueza intelectual como de la heterogeneidad sustantiva auspiciada por la UGR. As\u00ed pues, el an\u00e1lisis de estos peculiares itinerarios intelectuales filos\u00f3ficos, art\u00edsticos, literarios, etc.\u2013 no solo procura percibir mutuas influencias o lineamientos comunes sino, tambi\u00e9n, interrogar acerca de la capacidad de la UGR para la construcci\u00f3n de espacios de libertad y cr\u00edtica en la esfera p\u00fablica.<\/p>\n","protected":false},"excerpt":{"rendered":"<p>El pr\u00f3ximo 22 de noviembre Jos\u00e9 Luis Moreno Pesta\u00f1a y Violeta Garrido participar\u00e1n en el congreso sobre pensamiento cr\u00edtico en Granada \u201cLa Granada desgranada\u201d, que tendr\u00e1 lugar en la Facultad de Derecho. Intervendr\u00e1n respectivamente sobre el movimiento de insumisi\u00f3n y sobre el legado te\u00f3rico de Juan Carlos Rodr\u00edguez. El programa completo se puede consultar aqu\u00ed. [&hellip;]<\/p>\n","protected":false},"author":631,"featured_media":0,"comment_status":"closed","ping_status":"closed","sticky":false,"template":"","format":"standard","meta":{"_genesis_hide_title":false,"_genesis_hide_breadcrumbs":false,"_genesis_hide_singular_image":false,"_genesis_hide_footer_widgets":false,"_genesis_custom_body_class":"","_genesis_custom_post_class":"","_genesis_layout":"","footnotes":""},"categories":[8],"tags":[205,96,207,55,206,208],"class_list":{"0":"post-527","1":"post","2":"type-post","3":"status-publish","4":"format-standard","6":"category-encuentros-congresos-seminarios","7":"tag-granada","8":"tag-historia","9":"tag-insumision","10":"tag-juan-carlos-rodriguez","11":"tag-pensamiento-critico","12":"tag-universidad-de-granada","13":"entry"},"_links":{"self":[{"href":"https:\/\/blogs.ugr.es\/filosofiasocial\/wp-json\/wp\/v2\/posts\/527","targetHints":{"allow":["GET"]}}],"collection":[{"href":"https:\/\/blogs.ugr.es\/filosofiasocial\/wp-json\/wp\/v2\/posts"}],"about":[{"href":"https:\/\/blogs.ugr.es\/filosofiasocial\/wp-json\/wp\/v2\/types\/post"}],"author":[{"embeddable":true,"href":"https:\/\/blogs.ugr.es\/filosofiasocial\/wp-json\/wp\/v2\/users\/631"}],"replies":[{"embeddable":true,"href":"https:\/\/blogs.ugr.es\/filosofiasocial\/wp-json\/wp\/v2\/comments?post=527"}],"version-history":[{"count":1,"href":"https:\/\/blogs.ugr.es\/filosofiasocial\/wp-json\/wp\/v2\/posts\/527\/revisions"}],"predecessor-version":[{"id":530,"href":"https:\/\/blogs.ugr.es\/filosofiasocial\/wp-json\/wp\/v2\/posts\/527\/revisions\/530"}],"wp:attachment":[{"href":"https:\/\/blogs.ugr.es\/filosofiasocial\/wp-json\/wp\/v2\/media?parent=527"}],"wp:term":[{"taxonomy":"category","embeddable":true,"href":"https:\/\/blogs.ugr.es\/filosofiasocial\/wp-json\/wp\/v2\/categories?post=527"},{"taxonomy":"post_tag","embeddable":true,"href":"https:\/\/blogs.ugr.es\/filosofiasocial\/wp-json\/wp\/v2\/tags?post=527"}],"curies":[{"name":"wp","href":"https:\/\/api.w.org\/{rel}","templated":true}]}}