{"id":558,"date":"2024-11-13T13:55:17","date_gmt":"2024-11-13T12:55:17","guid":{"rendered":"https:\/\/blogs.ugr.es\/filosofiasocial\/?p=558"},"modified":"2024-11-13T13:55:17","modified_gmt":"2024-11-13T12:55:17","slug":"jornadas-thompsonianas-octava-mesa","status":"publish","type":"post","link":"https:\/\/blogs.ugr.es\/filosofiasocial\/jornadas-thompsonianas-octava-mesa\/","title":{"rendered":"Jornadas Thompsonianas. Octava mesa"},"content":{"rendered":"<p>En el desarrollo de las <strong>Jornadas Thompsonianas: E. P. Thompson 100 a\u00f1os despu\u00e9s. Di\u00e1logos desde el Sur, <\/strong>organizadas por la L\u00ednea de Historia del Departamento de Humanidades de la UAM-Cuajimalpa (M\u00e9xico) y nuestro grupo de investigaci\u00f3n, la pr\u00f3xima mesa, <em>Pacifismo y sujeto pol\u00edtico<\/em>, contar\u00e1 con la presencia de nuestro compa\u00f1ero <strong>Sebasti\u00e1n Mart\u00ednez Solas,<\/strong> junto a <strong>Ferr\u00e1n Archil\u00e9s<\/strong>, historiador y catedr\u00e1tico en la Universidad de Valencia.<\/p>\n<p>La mesa tendr\u00e1 lugar el pr\u00f3ximo martes, 19 de noviembre, a las 18:30 (hora peninsular) y se podr\u00e1 seguir telem\u00e1ticamente en el siguiente link: https:\/\/uammx.zoom.us\/j\/83143186509 (c\u00f3digo de acceso: 496478).<\/p>\n<p>&nbsp;<\/p>\n<p><img loading=\"lazy\" decoding=\"async\" class=\" wp-image-512 aligncenter\" src=\"https:\/\/blogs.ugr.es\/filosofiasocial\/wp-content\/uploads\/sites\/138\/2024\/08\/Cartel-jornadas-thompsonianas-195x300.jpg\" alt=\"\" width=\"416\" height=\"640\" srcset=\"https:\/\/blogs.ugr.es\/filosofiasocial\/wp-content\/uploads\/sites\/138\/2024\/08\/Cartel-jornadas-thompsonianas-195x300.jpg 195w, https:\/\/blogs.ugr.es\/filosofiasocial\/wp-content\/uploads\/sites\/138\/2024\/08\/Cartel-jornadas-thompsonianas-456x700.jpg 456w, https:\/\/blogs.ugr.es\/filosofiasocial\/wp-content\/uploads\/sites\/138\/2024\/08\/Cartel-jornadas-thompsonianas.jpg 521w\" sizes=\"auto, (max-width: 416px) 100vw, 416px\" \/><\/p>\n","protected":false},"excerpt":{"rendered":"<p>En el desarrollo de las Jornadas Thompsonianas: E. P. Thompson 100 a\u00f1os despu\u00e9s. Di\u00e1logos desde el Sur, organizadas por la L\u00ednea de Historia del Departamento de Humanidades de la UAM-Cuajimalpa (M\u00e9xico) y nuestro grupo de investigaci\u00f3n, la pr\u00f3xima mesa, Pacifismo y sujeto pol\u00edtico, contar\u00e1 con la presencia de nuestro compa\u00f1ero Sebasti\u00e1n Mart\u00ednez Solas, junto a [&hellip;]<\/p>\n","protected":false},"author":669,"featured_media":0,"comment_status":"closed","ping_status":"closed","sticky":false,"template":"","format":"standard","meta":{"_genesis_hide_title":false,"_genesis_hide_breadcrumbs":false,"_genesis_hide_singular_image":false,"_genesis_hide_footer_widgets":false,"_genesis_custom_body_class":"","_genesis_custom_post_class":"","_genesis_layout":"","footnotes":""},"categories":[8],"tags":[227,95,60],"class_list":{"0":"post-558","1":"post","2":"type-post","3":"status-publish","4":"format-standard","6":"category-encuentros-congresos-seminarios","7":"tag-agente-politico","8":"tag-e-p-thompson","9":"tag-marxismo","10":"entry"},"_links":{"self":[{"href":"https:\/\/blogs.ugr.es\/filosofiasocial\/wp-json\/wp\/v2\/posts\/558","targetHints":{"allow":["GET"]}}],"collection":[{"href":"https:\/\/blogs.ugr.es\/filosofiasocial\/wp-json\/wp\/v2\/posts"}],"about":[{"href":"https:\/\/blogs.ugr.es\/filosofiasocial\/wp-json\/wp\/v2\/types\/post"}],"author":[{"embeddable":true,"href":"https:\/\/blogs.ugr.es\/filosofiasocial\/wp-json\/wp\/v2\/users\/669"}],"replies":[{"embeddable":true,"href":"https:\/\/blogs.ugr.es\/filosofiasocial\/wp-json\/wp\/v2\/comments?post=558"}],"version-history":[{"count":2,"href":"https:\/\/blogs.ugr.es\/filosofiasocial\/wp-json\/wp\/v2\/posts\/558\/revisions"}],"predecessor-version":[{"id":560,"href":"https:\/\/blogs.ugr.es\/filosofiasocial\/wp-json\/wp\/v2\/posts\/558\/revisions\/560"}],"wp:attachment":[{"href":"https:\/\/blogs.ugr.es\/filosofiasocial\/wp-json\/wp\/v2\/media?parent=558"}],"wp:term":[{"taxonomy":"category","embeddable":true,"href":"https:\/\/blogs.ugr.es\/filosofiasocial\/wp-json\/wp\/v2\/categories?post=558"},{"taxonomy":"post_tag","embeddable":true,"href":"https:\/\/blogs.ugr.es\/filosofiasocial\/wp-json\/wp\/v2\/tags?post=558"}],"curies":[{"name":"wp","href":"https:\/\/api.w.org\/{rel}","templated":true}]}}