{"id":580,"date":"2024-12-17T11:59:02","date_gmt":"2024-12-17T10:59:02","guid":{"rendered":"https:\/\/blogs.ugr.es\/filosofiasocial\/?p=580"},"modified":"2024-12-17T11:59:02","modified_gmt":"2024-12-17T10:59:02","slug":"charla-en-la-uned-la-emergencia-de-la-enfermedad-mental-erving-goffman-michel-foucault-ian-hacking","status":"publish","type":"post","link":"https:\/\/blogs.ugr.es\/filosofiasocial\/charla-en-la-uned-la-emergencia-de-la-enfermedad-mental-erving-goffman-michel-foucault-ian-hacking\/","title":{"rendered":"Charla en la UNED: \u201cLa emergencia de la enfermedad mental: Erving Goffman, Michel Foucault, Ian Hacking\u201d"},"content":{"rendered":"<p>Compartimos el <a href=\"https:\/\/canal.uned.es\/video\/6738b2328a16d4cbb508e038\">v\u00eddeo<\/a> de la intervenci\u00f3n de <strong>Jos\u00e9 Luis Moreno Pesta\u00f1a<\/strong> en el Congreso Internacional \u00abLa comprensi\u00f3n del pathos: perspectivas cr\u00edticas. Retos contempor\u00e1neos del sufrimiento ps\u00edquico\u00bb, celebrado entre el 14 y el 18 de octubre de 2024. M\u00e1s informaci\u00f3n en el enlace: <a href=\"https:\/\/canal.uned.es\/series\/67365b0415f080f6250cad43\">https:\/\/canal.uned.es\/series\/67365b0415f080f6250cad43<\/a><\/p>\n<p>&nbsp;<\/p>\n<p>&nbsp;<\/p>\n","protected":false},"excerpt":{"rendered":"<p>Compartimos el v\u00eddeo de la intervenci\u00f3n de Jos\u00e9 Luis Moreno Pesta\u00f1a en el Congreso Internacional \u00abLa comprensi\u00f3n del pathos: perspectivas cr\u00edticas. Retos contempor\u00e1neos del sufrimiento ps\u00edquico\u00bb, celebrado entre el 14 y el 18 de octubre de 2024. M\u00e1s informaci\u00f3n en el enlace: https:\/\/canal.uned.es\/series\/67365b0415f080f6250cad43 &nbsp; &nbsp;<\/p>\n","protected":false},"author":631,"featured_media":0,"comment_status":"closed","ping_status":"closed","sticky":false,"template":"","format":"standard","meta":{"_genesis_hide_title":false,"_genesis_hide_breadcrumbs":false,"_genesis_hide_singular_image":false,"_genesis_hide_footer_widgets":false,"_genesis_custom_body_class":"","_genesis_custom_post_class":"","_genesis_layout":"","footnotes":""},"categories":[8,10],"tags":[237,238,239,137,240],"class_list":{"0":"post-580","1":"post","2":"type-post","3":"status-publish","4":"format-standard","6":"category-encuentros-congresos-seminarios","7":"category-transferencia-y-divulgacion","8":"tag-enfermedad-mental","9":"tag-erving-goffman","10":"tag-ian-hcking","11":"tag-michel-foucault","12":"tag-uned","13":"entry"},"_links":{"self":[{"href":"https:\/\/blogs.ugr.es\/filosofiasocial\/wp-json\/wp\/v2\/posts\/580","targetHints":{"allow":["GET"]}}],"collection":[{"href":"https:\/\/blogs.ugr.es\/filosofiasocial\/wp-json\/wp\/v2\/posts"}],"about":[{"href":"https:\/\/blogs.ugr.es\/filosofiasocial\/wp-json\/wp\/v2\/types\/post"}],"author":[{"embeddable":true,"href":"https:\/\/blogs.ugr.es\/filosofiasocial\/wp-json\/wp\/v2\/users\/631"}],"replies":[{"embeddable":true,"href":"https:\/\/blogs.ugr.es\/filosofiasocial\/wp-json\/wp\/v2\/comments?post=580"}],"version-history":[{"count":1,"href":"https:\/\/blogs.ugr.es\/filosofiasocial\/wp-json\/wp\/v2\/posts\/580\/revisions"}],"predecessor-version":[{"id":581,"href":"https:\/\/blogs.ugr.es\/filosofiasocial\/wp-json\/wp\/v2\/posts\/580\/revisions\/581"}],"wp:attachment":[{"href":"https:\/\/blogs.ugr.es\/filosofiasocial\/wp-json\/wp\/v2\/media?parent=580"}],"wp:term":[{"taxonomy":"category","embeddable":true,"href":"https:\/\/blogs.ugr.es\/filosofiasocial\/wp-json\/wp\/v2\/categories?post=580"},{"taxonomy":"post_tag","embeddable":true,"href":"https:\/\/blogs.ugr.es\/filosofiasocial\/wp-json\/wp\/v2\/tags?post=580"}],"curies":[{"name":"wp","href":"https:\/\/api.w.org\/{rel}","templated":true}]}}