{"id":582,"date":"2024-12-22T11:42:27","date_gmt":"2024-12-22T10:42:27","guid":{"rendered":"https:\/\/blogs.ugr.es\/filosofiasocial\/?p=582"},"modified":"2024-12-22T11:42:59","modified_gmt":"2024-12-22T10:42:59","slug":"debate-en-sociologia-historica-sobre-los-pocos-y-los-mejores","status":"publish","type":"post","link":"https:\/\/blogs.ugr.es\/filosofiasocial\/debate-en-sociologia-historica-sobre-los-pocos-y-los-mejores\/","title":{"rendered":"Debate en Sociolog\u00eda Hist\u00f3rica sobre \u201cLos pocos y los mejores\u201d"},"content":{"rendered":"<p>Se acaba de publicar el nuevo n\u00famero de Sociolog\u00eda Hist\u00f3rica, revista de la Universidad de Murcia en la que varios miembros de este grupo de investigaci\u00f3n han participado en un debate en torno a <em>Los pocos y los mejores<\/em>, el libro donde <strong>Jos\u00e9 Luis Moreno Pesta\u00f1a<\/strong> reflexiona acerca del fetichismo pol\u00edtico en nuestras democracias contempor\u00e1neas. El conjunto de art\u00edculos se puede consultar <a href=\"https:\/\/revistas.um.es\/sh\">aqu\u00ed<\/a>.<\/p>\n","protected":false},"excerpt":{"rendered":"<p>Se acaba de publicar el nuevo n\u00famero de Sociolog\u00eda Hist\u00f3rica, revista de la Universidad de Murcia en la que varios miembros de este grupo de investigaci\u00f3n han participado en un debate en torno a Los pocos y los mejores, el libro donde Jos\u00e9 Luis Moreno Pesta\u00f1a reflexiona acerca del fetichismo pol\u00edtico en nuestras democracias contempor\u00e1neas. [&hellip;]<\/p>\n","protected":false},"author":631,"featured_media":0,"comment_status":"closed","ping_status":"closed","sticky":false,"template":"","format":"standard","meta":{"_genesis_hide_title":false,"_genesis_hide_breadcrumbs":false,"_genesis_hide_singular_image":false,"_genesis_hide_footer_widgets":false,"_genesis_custom_body_class":"","_genesis_custom_post_class":"","_genesis_layout":"","footnotes":""},"categories":[9],"tags":[130,164,26,242,69,241,182,15,165],"class_list":{"0":"post-582","1":"post","2":"type-post","3":"status-publish","4":"format-standard","6":"category-publicaciones-academicas","7":"tag-capital","8":"tag-capital-politico","9":"tag-democracia","10":"tag-democracia-representativa","11":"tag-fetichismo-politico","12":"tag-los-pocos-y-los-mejores","13":"tag-principio-antioligarquico","14":"tag-sociologia","15":"tag-sorteo","16":"entry"},"_links":{"self":[{"href":"https:\/\/blogs.ugr.es\/filosofiasocial\/wp-json\/wp\/v2\/posts\/582","targetHints":{"allow":["GET"]}}],"collection":[{"href":"https:\/\/blogs.ugr.es\/filosofiasocial\/wp-json\/wp\/v2\/posts"}],"about":[{"href":"https:\/\/blogs.ugr.es\/filosofiasocial\/wp-json\/wp\/v2\/types\/post"}],"author":[{"embeddable":true,"href":"https:\/\/blogs.ugr.es\/filosofiasocial\/wp-json\/wp\/v2\/users\/631"}],"replies":[{"embeddable":true,"href":"https:\/\/blogs.ugr.es\/filosofiasocial\/wp-json\/wp\/v2\/comments?post=582"}],"version-history":[{"count":2,"href":"https:\/\/blogs.ugr.es\/filosofiasocial\/wp-json\/wp\/v2\/posts\/582\/revisions"}],"predecessor-version":[{"id":584,"href":"https:\/\/blogs.ugr.es\/filosofiasocial\/wp-json\/wp\/v2\/posts\/582\/revisions\/584"}],"wp:attachment":[{"href":"https:\/\/blogs.ugr.es\/filosofiasocial\/wp-json\/wp\/v2\/media?parent=582"}],"wp:term":[{"taxonomy":"category","embeddable":true,"href":"https:\/\/blogs.ugr.es\/filosofiasocial\/wp-json\/wp\/v2\/categories?post=582"},{"taxonomy":"post_tag","embeddable":true,"href":"https:\/\/blogs.ugr.es\/filosofiasocial\/wp-json\/wp\/v2\/tags?post=582"}],"curies":[{"name":"wp","href":"https:\/\/api.w.org\/{rel}","templated":true}]}}