{"id":727,"date":"2025-06-30T10:43:01","date_gmt":"2025-06-30T08:43:01","guid":{"rendered":"https:\/\/blogs.ugr.es\/filosofiasocial\/?p=727"},"modified":"2025-06-30T12:12:26","modified_gmt":"2025-06-30T10:12:26","slug":"antonio-gramsci-manuel-sacristan-y-la-lucha-contra-la-explotacion-cultural","status":"publish","type":"post","link":"https:\/\/blogs.ugr.es\/filosofiasocial\/antonio-gramsci-manuel-sacristan-y-la-lucha-contra-la-explotacion-cultural\/","title":{"rendered":"Antonio Gramsci, Manuel Sacrist\u00e1n y la lucha contra la explotaci\u00f3n cultural"},"content":{"rendered":"<p>Jos\u00e9 Luis Moreno Pesta\u00f1a ha publicado un art\u00edculo en <em>International Gramsci Journal<\/em>, n\u00ba 6 (1), 2025. Puede leerse <a href=\"https:\/\/digibug.ugr.es\/handle\/10481\/104974\">aqu\u00ed<\/a><\/p>\n","protected":false},"excerpt":{"rendered":"<p>Jos\u00e9 Luis Moreno Pesta\u00f1a ha publicado un art\u00edculo en International Gramsci Journal, n\u00ba 6 (1), 2025. Puede leerse aqu\u00ed<\/p>\n","protected":false},"author":58,"featured_media":729,"comment_status":"closed","ping_status":"closed","sticky":false,"template":"","format":"standard","meta":{"_genesis_hide_title":false,"_genesis_hide_breadcrumbs":false,"_genesis_hide_singular_image":false,"_genesis_hide_footer_widgets":false,"_genesis_custom_body_class":"","_genesis_custom_post_class":"","_genesis_layout":"","footnotes":""},"categories":[267,9],"tags":[],"class_list":{"0":"post-727","1":"post","2":"type-post","3":"status-publish","4":"format-standard","5":"has-post-thumbnail","7":"category-jose-luis-moreno-pestana","8":"category-publicaciones-academicas","9":"entry"},"_links":{"self":[{"href":"https:\/\/blogs.ugr.es\/filosofiasocial\/wp-json\/wp\/v2\/posts\/727","targetHints":{"allow":["GET"]}}],"collection":[{"href":"https:\/\/blogs.ugr.es\/filosofiasocial\/wp-json\/wp\/v2\/posts"}],"about":[{"href":"https:\/\/blogs.ugr.es\/filosofiasocial\/wp-json\/wp\/v2\/types\/post"}],"author":[{"embeddable":true,"href":"https:\/\/blogs.ugr.es\/filosofiasocial\/wp-json\/wp\/v2\/users\/58"}],"replies":[{"embeddable":true,"href":"https:\/\/blogs.ugr.es\/filosofiasocial\/wp-json\/wp\/v2\/comments?post=727"}],"version-history":[{"count":3,"href":"https:\/\/blogs.ugr.es\/filosofiasocial\/wp-json\/wp\/v2\/posts\/727\/revisions"}],"predecessor-version":[{"id":733,"href":"https:\/\/blogs.ugr.es\/filosofiasocial\/wp-json\/wp\/v2\/posts\/727\/revisions\/733"}],"wp:featuredmedia":[{"embeddable":true,"href":"https:\/\/blogs.ugr.es\/filosofiasocial\/wp-json\/wp\/v2\/media\/729"}],"wp:attachment":[{"href":"https:\/\/blogs.ugr.es\/filosofiasocial\/wp-json\/wp\/v2\/media?parent=727"}],"wp:term":[{"taxonomy":"category","embeddable":true,"href":"https:\/\/blogs.ugr.es\/filosofiasocial\/wp-json\/wp\/v2\/categories?post=727"},{"taxonomy":"post_tag","embeddable":true,"href":"https:\/\/blogs.ugr.es\/filosofiasocial\/wp-json\/wp\/v2\/tags?post=727"}],"curies":[{"name":"wp","href":"https:\/\/api.w.org\/{rel}","templated":true}]}}