{"id":735,"date":"2025-07-15T10:40:33","date_gmt":"2025-07-15T08:40:33","guid":{"rendered":"https:\/\/blogs.ugr.es\/filosofiasocial\/?p=735"},"modified":"2025-07-15T10:43:42","modified_gmt":"2025-07-15T08:43:42","slug":"polarizacion-y-oligarquia","status":"publish","type":"post","link":"https:\/\/blogs.ugr.es\/filosofiasocial\/polarizacion-y-oligarquia\/","title":{"rendered":"Polarizaci\u00f3n y oligarqu\u00eda"},"content":{"rendered":"<p>Un an\u00e1lisis de la obra de Juan Roch <em>\u00bfPolarizados o paralizados? Surgimiento y transformaciones del movimiento democr\u00e1tico\u00a0<\/em>en la columna <em>Efecto Marx<\/em> de la <em>Revista Com\u00fan<\/em>. Puede leerse <a href=\"https:\/\/revistacomun.com\/blog\/polarizacion-y-oligarquia\/\">aqu\u00ed<\/a><\/p>\n<blockquote class=\"wp-embedded-content\" data-secret=\"DHIVljWVmN\"><p><a href=\"https:\/\/revistacomun.com\/blog\/polarizacion-y-oligarquia\/\">Polarizaci\u00f3n y oligarqu\u00eda<\/a><\/p><\/blockquote>\n<p><iframe loading=\"lazy\" class=\"wp-embedded-content\" sandbox=\"allow-scripts\" security=\"restricted\" style=\"position: absolute; visibility: hidden;\" title=\"\u00abPolarizaci\u00f3n y oligarqu\u00eda\u00bb \u2014 Revista Com\u00fan\" src=\"https:\/\/revistacomun.com\/blog\/polarizacion-y-oligarquia\/embed\/#?secret=dFJSs006nk#?secret=DHIVljWVmN\" data-secret=\"DHIVljWVmN\" width=\"500\" height=\"282\" frameborder=\"0\" marginwidth=\"0\" marginheight=\"0\" scrolling=\"no\"><\/iframe><\/p>\n","protected":false},"excerpt":{"rendered":"<p>Un an\u00e1lisis de la obra de Juan Roch \u00bfPolarizados o paralizados? Surgimiento y transformaciones del movimiento democr\u00e1tico\u00a0en la columna Efecto Marx de la Revista Com\u00fan. Puede leerse aqu\u00ed<\/p>\n","protected":false},"author":58,"featured_media":0,"comment_status":"closed","ping_status":"closed","sticky":false,"template":"","format":"standard","meta":{"_genesis_hide_title":false,"_genesis_hide_breadcrumbs":false,"_genesis_hide_singular_image":false,"_genesis_hide_footer_widgets":false,"_genesis_custom_body_class":"","_genesis_custom_post_class":"","_genesis_layout":"","footnotes":""},"categories":[267,10],"tags":[],"class_list":{"0":"post-735","1":"post","2":"type-post","3":"status-publish","4":"format-standard","6":"category-jose-luis-moreno-pestana","7":"category-transferencia-y-divulgacion","8":"entry"},"_links":{"self":[{"href":"https:\/\/blogs.ugr.es\/filosofiasocial\/wp-json\/wp\/v2\/posts\/735","targetHints":{"allow":["GET"]}}],"collection":[{"href":"https:\/\/blogs.ugr.es\/filosofiasocial\/wp-json\/wp\/v2\/posts"}],"about":[{"href":"https:\/\/blogs.ugr.es\/filosofiasocial\/wp-json\/wp\/v2\/types\/post"}],"author":[{"embeddable":true,"href":"https:\/\/blogs.ugr.es\/filosofiasocial\/wp-json\/wp\/v2\/users\/58"}],"replies":[{"embeddable":true,"href":"https:\/\/blogs.ugr.es\/filosofiasocial\/wp-json\/wp\/v2\/comments?post=735"}],"version-history":[{"count":2,"href":"https:\/\/blogs.ugr.es\/filosofiasocial\/wp-json\/wp\/v2\/posts\/735\/revisions"}],"predecessor-version":[{"id":737,"href":"https:\/\/blogs.ugr.es\/filosofiasocial\/wp-json\/wp\/v2\/posts\/735\/revisions\/737"}],"wp:attachment":[{"href":"https:\/\/blogs.ugr.es\/filosofiasocial\/wp-json\/wp\/v2\/media?parent=735"}],"wp:term":[{"taxonomy":"category","embeddable":true,"href":"https:\/\/blogs.ugr.es\/filosofiasocial\/wp-json\/wp\/v2\/categories?post=735"},{"taxonomy":"post_tag","embeddable":true,"href":"https:\/\/blogs.ugr.es\/filosofiasocial\/wp-json\/wp\/v2\/tags?post=735"}],"curies":[{"name":"wp","href":"https:\/\/api.w.org\/{rel}","templated":true}]}}