{"id":738,"date":"2025-07-17T08:21:09","date_gmt":"2025-07-17T06:21:09","guid":{"rendered":"https:\/\/blogs.ugr.es\/filosofiasocial\/?p=738"},"modified":"2025-07-17T10:32:26","modified_gmt":"2025-07-17T08:32:26","slug":"antonio-gramsci-manuel-sacristan-i-la-lluita-contra-lexplotacio-cultural","status":"publish","type":"post","link":"https:\/\/blogs.ugr.es\/filosofiasocial\/antonio-gramsci-manuel-sacristan-i-la-lluita-contra-lexplotacio-cultural\/","title":{"rendered":"Antonio Gramsci, Manuel Sacrist\u00e1n i la lluita contra l\u2019explotaci\u00f3 cultural"},"content":{"rendered":"<blockquote class=\"wp-embedded-content\" data-secret=\"9suOgYPu8P\"><p><a href=\"https:\/\/gramsci.cat\/antonio-gramsci-manuel-sacristan-i-la-lluita-contra-lexplotacio-cultural-1\/\">Antonio Gramsci, Manuel Sacrist\u00e1n i la lluita contra l&#8217;explotaci\u00f3 cultural. [1]<\/a><\/p><\/blockquote>\n<p><iframe loading=\"lazy\" class=\"wp-embedded-content\" sandbox=\"allow-scripts\" security=\"restricted\" style=\"position: absolute; visibility: hidden;\" title=\"&#8220;Antonio Gramsci, Manuel Sacrist\u00e1n i la lluita contra l&#8217;explotaci\u00f3 cultural. [1]&#8221; &#8212; Associaci\u00f3 d&#039;Estudis Gramscians de Catalunya\" src=\"https:\/\/gramsci.cat\/antonio-gramsci-manuel-sacristan-i-la-lluita-contra-lexplotacio-cultural-1\/embed\/#?secret=9suOgYPu8P\" data-secret=\"9suOgYPu8P\" width=\"500\" height=\"282\" frameborder=\"0\" marginwidth=\"0\" marginheight=\"0\" scrolling=\"no\"><\/iframe><\/p>\n<p>Traducci\u00f3n al catal\u00e1n del reciente art\u00edculo de Jos\u00e9 Luis Moreno Pesta\u00f1a sobre Antonio Gramsci y Manuel Saacrist\u00e1n. Puede leerse en la p\u00e1gina de la Associacio d&#8217;Estudis Gramscians de Catalunya<\/p>\n","protected":false},"excerpt":{"rendered":"<p>Traducci\u00f3n al catal\u00e1n del reciente art\u00edculo de Jos\u00e9 Luis Moreno Pesta\u00f1a sobre Antonio Gramsci y Manuel Saacrist\u00e1n. Puede leerse en la p\u00e1gina de la Associacio d&#8217;Estudis Gramscians de Catalunya<\/p>\n","protected":false},"author":58,"featured_media":741,"comment_status":"closed","ping_status":"closed","sticky":false,"template":"","format":"standard","meta":{"_genesis_hide_title":false,"_genesis_hide_breadcrumbs":false,"_genesis_hide_singular_image":false,"_genesis_hide_footer_widgets":false,"_genesis_custom_body_class":"","_genesis_custom_post_class":"","_genesis_layout":"","footnotes":""},"categories":[267,9],"tags":[63],"class_list":{"0":"post-738","1":"post","2":"type-post","3":"status-publish","4":"format-standard","5":"has-post-thumbnail","7":"category-jose-luis-moreno-pestana","8":"category-publicaciones-academicas","9":"tag-gramsci","10":"entry"},"_links":{"self":[{"href":"https:\/\/blogs.ugr.es\/filosofiasocial\/wp-json\/wp\/v2\/posts\/738","targetHints":{"allow":["GET"]}}],"collection":[{"href":"https:\/\/blogs.ugr.es\/filosofiasocial\/wp-json\/wp\/v2\/posts"}],"about":[{"href":"https:\/\/blogs.ugr.es\/filosofiasocial\/wp-json\/wp\/v2\/types\/post"}],"author":[{"embeddable":true,"href":"https:\/\/blogs.ugr.es\/filosofiasocial\/wp-json\/wp\/v2\/users\/58"}],"replies":[{"embeddable":true,"href":"https:\/\/blogs.ugr.es\/filosofiasocial\/wp-json\/wp\/v2\/comments?post=738"}],"version-history":[{"count":3,"href":"https:\/\/blogs.ugr.es\/filosofiasocial\/wp-json\/wp\/v2\/posts\/738\/revisions"}],"predecessor-version":[{"id":743,"href":"https:\/\/blogs.ugr.es\/filosofiasocial\/wp-json\/wp\/v2\/posts\/738\/revisions\/743"}],"wp:featuredmedia":[{"embeddable":true,"href":"https:\/\/blogs.ugr.es\/filosofiasocial\/wp-json\/wp\/v2\/media\/741"}],"wp:attachment":[{"href":"https:\/\/blogs.ugr.es\/filosofiasocial\/wp-json\/wp\/v2\/media?parent=738"}],"wp:term":[{"taxonomy":"category","embeddable":true,"href":"https:\/\/blogs.ugr.es\/filosofiasocial\/wp-json\/wp\/v2\/categories?post=738"},{"taxonomy":"post_tag","embeddable":true,"href":"https:\/\/blogs.ugr.es\/filosofiasocial\/wp-json\/wp\/v2\/tags?post=738"}],"curies":[{"name":"wp","href":"https:\/\/api.w.org\/{rel}","templated":true}]}}