{"id":1028,"date":"2020-05-08T12:10:47","date_gmt":"2020-05-08T10:10:47","guid":{"rendered":"https:\/\/blogs.ugr.es\/heroes19\/?p=1028"},"modified":"2020-05-11T01:18:05","modified_gmt":"2020-05-10T23:18:05","slug":"docentes-excelentes-en-la-crisis-sanitaria-para-superar-el-curso-academico","status":"publish","type":"post","link":"https:\/\/blogs.ugr.es\/heroes19\/docentes-excelentes-en-la-crisis-sanitaria-para-superar-el-curso-academico\/","title":{"rendered":"Docentes sobresalientes en la crisis sanitaria: Dedicaci\u00f3n y  adaptaci\u00f3n para salvar el curso acad\u00e9mico"},"content":{"rendered":"<p>El 14 de marzo se decret\u00f3 el estado de alarma en todo el territorio nacional como consecuencia de la crisis del coronavirus. Casi simult\u00e1neamente se decidi\u00f3 que toda la docencia presencial pasar\u00eda inmediatamente a virtual en primaria, secundaria, bachillerato, FP y educaci\u00f3n universitaria . La adaptaci\u00f3n a docencia <em>online<\/em> de materias concretas normalmente se hab\u00eda venido haciendo en meses, incluso a\u00f1os, y con una inversi\u00f3n considerable en materiales y tiempo. El <strong>objetivo con el estado de alarma fue pasar\u00a0 todas las materias a virtuales en poco m\u00e1s de 24 horas, y con el \u00fanico recurso del tiempo y los materiales que cada docente pudiera dedicar desde casa<\/strong>. \u201c<em>\u00a1\u00bfPero c\u00f3mo vamos a hacer esto?!<\/em>\u201d Pues se ha hecho, se est\u00e1 haciendo y se va a terminar de hacer con \u00e9xito gracias a la dedicaci\u00f3n, a la capacidad de adaptaci\u00f3n, a la creatividad y, en definitiva, al trabajo de muchos y muchas docentes ejemplares.<\/p>\n<p><!--more--><\/p>\n<p>La crisis sanitaria por la COVID-19 est\u00e1 afectando profundamente a los docentes en Espa\u00f1a. El teletrabajo y la docencia <em>online<\/em> aparecieron abruptamente en la labor de profesores y profesoras de todos los niveles educativos, que vieron como su forma de ense\u00f1ar se volv\u00eda 100% virtual en poco m\u00e1s de 24 horas. Y todo con una \u00fanica idea en la cabeza: que los estudiantes no perdiesen el curso por el desastre generado por el coronavirus.<\/p>\n<p><strong><span style=\"color: #0000ff\">\u00bfQUI\u00c9NES SON?<\/span>\u00a0 <\/strong>\u00a0La mayor\u00eda de los docentes en el mundo han visto como su trabajo presencial se transformaba en teletrabajo: maestras y maestros de primaria, profesores y profesoras de los institutos de secundaria, de bachillerato y de los ciclos formativos, y profesoras y profesores de universidades.\u00a0 En Espa\u00f1a, un total de <strong><a href=\"https:\/\/www.ine.es\/prodyser\/espa_cifras\/2019\/16\/\" target=\"_blank\" rel=\"noopener noreferrer\">700.000 <\/a>docentes en la formaci\u00f3n reglada no universitaria<\/strong> (con sus m\u00e1s de 8 millones de estudiantes) y \u00a0unos <strong><a href=\"http:\/\/www.ciencia.gob.es\/stfls\/MICINN\/Universidades\/Ficheros\/Estadisticas\/datos-y-cifras-SUE-2018-19.pdf\" target=\"_blank\" rel=\"noopener noreferrer\">120.000 profesores y profesoras<\/a> en las universidades<\/strong> (con su aproximadamente mill\u00f3n y medio de estudiantes).\u00a0 Todos tuvieron que cambiar su forma de trabajo radicalmente en unas horas.\u00a0 Adicionalmente, y por desgracia, los centros de trabajo de los educadores de centros infantiles y los profes de academias privadas han tenido que cerrar temporalmente de forma mayoritaria. En estos casos, muchos est\u00e1n haciendo frente a los ERTE y probablemente algunos sean finalmente despedidos.<\/p>\n<p>Este reconocimiento est\u00e1 <strong>dedicado a las muchas personas que en el colectivo docente han hecho un esfuerzo muy importante y en gran medida discrecional <\/strong>para seguir cerca de sus estudiantes en condiciones complicadas.<\/p>\n<p><span style=\"color: #0000ff\"><strong>\u00bfQU\u00c9 HAN HECHO? <\/strong><\/span>El teletrabajo ha supuesto tener que realizar las tareas <img loading=\"lazy\" decoding=\"async\" class=\" wp-image-1031 alignright\" src=\"https:\/\/blogs.ugr.es\/heroes19\/wp-content\/uploads\/sites\/75\/2020\/05\/teletrabajando-con-Yago.jpg\" alt=\"\" width=\"173\" height=\"219\" \/><strong>docentes desde casa<\/strong>, con el <strong>ordenador propio<\/strong>, el <strong>m\u00f3vil personal<\/strong> y la conexi\u00f3n a <strong>internet dom\u00e9stica<\/strong>.\u00a0 El lema fue:<strong> hay que adaptarse<\/strong>.\u00a0 Con las \u00abcargas familiares\u00bb tambi\u00e9n confinadas en casa (por cierto, \u00bfa alg\u00fan docente le resulta familiar la foto de la derecha?). En muchos casos partiendo desde cero en conocimientos de docencia virtual en general y sobre plataformas y herramientas docentes <em>online <\/em>en particular, ya que est\u00e1n fuera de su trabajo cotidiano. Y, tambi\u00e9n en muchos casos, con pocas o ninguna directrices institucionales sobre lo que hab\u00eda que hacer porque esta ha sido una situaci\u00f3n ins\u00f3lita, sin precedentes, y tampoco los responsables institucionales estaban preparados para poder ir m\u00e1s all\u00e1 en sus orientaciones.<\/p>\n<p>Los docentes han estado en la <strong>primera l\u00ednea<\/strong> ante familias y estudiantes que ten\u00edan la necesidad l\u00f3gica de saber c\u00f3mo se iba a sacar el curso adelante en estas circunstancias at\u00edpicas. Han sido los que han tenido que dar la cara y responder a cuestiones que ni ellos mismos sab\u00edan c\u00f3mo atender. \u201c<em>Y as\u00ed han seguido: grabando, explicando, contestando dudas, avanzando y evaluando. \u00bfSe merecen, o no se merecen los profes el aplauso de las ocho?<\/em>\u201d, <a href=\"https:\/\/www.lavozdegranada.info\/maestros-en-tiempo-de-confinamiento\/\" target=\"_blank\" rel=\"noopener noreferrer\">escrib\u00eda Agust\u00edn Mart\u00ednez<\/a> hace unas semanas.<\/p>\n<p><img loading=\"lazy\" decoding=\"async\" class=\"alignleft wp-image-938\" src=\"https:\/\/blogs.ugr.es\/heroes19\/wp-content\/uploads\/sites\/75\/2020\/04\/IMG_4893-168x300.png\" alt=\"\" width=\"123\" height=\"219\" srcset=\"https:\/\/blogs.ugr.es\/heroes19\/wp-content\/uploads\/sites\/75\/2020\/04\/IMG_4893-168x300.png 168w, https:\/\/blogs.ugr.es\/heroes19\/wp-content\/uploads\/sites\/75\/2020\/04\/IMG_4893.png 359w\" sizes=\"auto, (max-width: 123px) 100vw, 123px\" \/>En el proceso existen sin duda <strong>dificultades, errores y aciertos<\/strong>. Con multitud de plataformas y metodolog\u00edas, los <strong>estudiantes y sus familias han tenido tambi\u00e9n que realizar un esfuerzo muy importante<\/strong>. Adem\u00e1s, algunos docentes eran m\u00e1s capaces que otros para poder avanzar en funci\u00f3n de sus propias circunstancias personales, conocimientos, y disponibilidades tecnol\u00f3gicas en casa.\u00a0 En cualquier caso, han existido sin duda una voluntad generalizada de hacerlo bien y<strong> muchas iniciativas ejemplares de docentes que\u00a0 reciben nuestro reconocimiento en estas l\u00edneas<\/strong>.\u00a0 Afortunadamente esta dedicaci\u00f3n y entrega han sido reconocidas por sus propios estudiantes. A continuaci\u00f3n se incluyen algunos mensajes reales de agradecimiento que han recibido docentes en las \u00faltimas semanas.<\/p>\n<p style=\"text-align: center\"><span style=\"color: #800080\">\u201cMuchas gracias por toda su ayuda y mis agradecimientos tambi\u00e9n a la biblioteca (..) Adem\u00e1s, al menos en mi caso, que se nos d\u00e9 tanta flexibilidad con el factor tiempo me tranquiliza, ya que nunca se sabe c\u00f3mo van a responder los medios electr\u00f3nicos. Un cordial saludo y cu\u00eddese.\u201d<\/span><\/p>\n<p style=\"text-align: center\"><span style=\"color: #800080\">\u201cSolo quer\u00eda que supieras que algunos agradecemos tu esfuerzo y las facilidades que nos est\u00e1s dando.\u201d<\/span><\/p>\n<p style=\"text-align: center\"><span style=\"color: #800080\">\u201cEn mi nombre, como delegado, y de parte de toda la clase, queremos agradecerle la atenci\u00f3n y la flexibilidad. Nos es de gran ayuda que se propongan estos m\u00e9todos alternativos que reducen la incertidumbre y m\u00e1s en estas circunstancias. En especial, gracias a usted por canalizar nuestras propuestas.\u201d<\/span><\/p>\n<p><span style=\"color: #0000ff\"><strong>\u00bfQUIERES DARLES TU AGRADECIMIENTO?<\/strong><\/span><\/p>\n<p>Si quieres manifestar tu <strong>reconocimiento a la labor que muchos docentes ejemplares han desarrollad<\/strong>o, puedes hacerlo debajo; o simplemente pulsa \u201clike\/me gusta\u201d si quieres sumarte al agradecimiento general.<\/p>\n<p>&nbsp;<\/p>\n<h6>Imagenes propias y de <a href=\"https:\/\/pixabay.com\/es\/users\/StartupStockPhotos-690514\/?utm_source=link-attribution&amp;utm_medium=referral&amp;utm_campaign=image&amp;utm_content=849822\">StartupStockPhotos<\/a>\u00a0en\u00a0<a href=\"https:\/\/pixabay.com\/es\/?utm_source=link-attribution&amp;utm_medium=referral&amp;utm_campaign=image&amp;utm_content=849822\">Pixabay<\/a><\/h6>\n","protected":false},"excerpt":{"rendered":"<p>El 14 de marzo se decret\u00f3 el estado de alarma en todo el territorio nacional como consecuencia de la crisis del coronavirus. Casi simult\u00e1neamente se decidi\u00f3 que toda la docencia presencial pasar\u00eda inmediatamente a virtual en primaria, secundaria, bachillerato, FP y educaci\u00f3n universitaria . La adaptaci\u00f3n a docencia online de materias concretas normalmente se hab\u00eda [&hellip;]<\/p>\n<div class='the_champ_sharing_container the_champ_vertical_sharing the_champ_hide_sharing the_champ_bottom_sharing' style='width:44px;left: -10px;top: 100px;-webkit-box-shadow:none;box-shadow:none;' data-super-socializer-href=\"https:\/\/blogs.ugr.es\/heroes19\/wp-json\/wp\/v2\/posts\/1028\"><div class=\"the_champ_sharing_ul\"><a aria-label=\"Facebook\" class=\"the_champ_facebook\" href=\"https:\/\/www.facebook.com\/sharer\/sharer.php?u=https%3A%2F%2Fblogs.ugr.es%2Fheroes19%2F%3Fp%3D1028\" title=\"Facebook\" rel=\"nofollow noopener\" target=\"_blank\" style=\"font-size:24px!important;box-shadow:none;display:inline-block;vertical-align:middle\"><span class=\"the_champ_svg\" style=\"background-color:#0765FE;width:40px;height:40px;margin:0;display:inline-block;opacity:1;float:left;font-size:24px;box-shadow:none;display:inline-block;font-size:16px;padding:0 4px;vertical-align:middle;background-repeat:repeat;overflow:hidden;padding:0;cursor:pointer;box-sizing:content-box\"><svg style=\"display:block;\" focusable=\"false\" aria-hidden=\"true\" xmlns=\"http:\/\/www.w3.org\/2000\/svg\" width=\"100%\" height=\"100%\" viewBox=\"0 0 32 32\"><path fill=\"#fff\" d=\"M28 16c0-6.627-5.373-12-12-12S4 9.373 4 16c0 5.628 3.875 10.35 9.101 11.647v-7.98h-2.474V16H13.1v-1.58c0-4.085 1.849-5.978 5.859-5.978.76 0 2.072.15 2.608.298v3.325c-.283-.03-.775-.045-1.386-.045-1.967 0-2.728.745-2.728 2.683V16h3.92l-.673 3.667h-3.247v8.245C23.395 27.195 28 22.135 28 16Z\"><\/path><\/svg><\/span><\/a><a aria-label=\"Whatsapp\" class=\"the_champ_whatsapp\" href=\"https:\/\/api.whatsapp.com\/send?text=60%20Iniciativas%20Ejemplares%20en%20la%20Crisis%20Sanitaria%20del%20COVID-19%20-%20H%C3%A9roes%20del%20COVID-19 https%3A%2F%2Fblogs.ugr.es%2Fheroes19%2F%3Fp%3D1028\" title=\"Whatsapp\" rel=\"nofollow noopener\" target=\"_blank\" style=\"font-size:24px!important;box-shadow:none;display:inline-block;vertical-align:middle\"><span class=\"the_champ_svg\" style=\"background-color:#55eb4c;width:40px;height:40px;margin:0;display:inline-block;opacity:1;float:left;font-size:24px;box-shadow:none;display:inline-block;font-size:16px;padding:0 4px;vertical-align:middle;background-repeat:repeat;overflow:hidden;padding:0;cursor:pointer;box-sizing:content-box\"><svg style=\"display:block;\" focusable=\"false\" aria-hidden=\"true\" xmlns=\"http:\/\/www.w3.org\/2000\/svg\" width=\"100%\" height=\"100%\" viewBox=\"-6 -5 40 40\"><path class=\"the_champ_svg_stroke the_champ_no_fill\" stroke=\"#fff\" stroke-width=\"2\" fill=\"none\" d=\"M 11.579798566743314 24.396926207859085 A 10 10 0 1 0 6.808479557110079 20.73576436351046\"><\/path><path d=\"M 7 19 l -1 6 l 6 -1\" class=\"the_champ_no_fill the_champ_svg_stroke\" stroke=\"#fff\" stroke-width=\"2\" fill=\"none\"><\/path><path d=\"M 10 10 q -1 8 8 11 c 5 -1 0 -6 -1 -3 q -4 -3 -5 -5 c 4 -2 -1 -5 -1 -4\" fill=\"#fff\"><\/path><\/svg><\/span><\/a><a aria-label=\"Twitter\" class=\"the_champ_button_twitter\" href=\"https:\/\/twitter.com\/intent\/tweet?text=60%20Iniciativas%20Ejemplares%20en%20la%20Crisis%20Sanitaria%20del%20COVID-19%20-%20H%C3%A9roes%20del%20COVID-19&url=https%3A%2F%2Fblogs.ugr.es%2Fheroes19%2F%3Fp%3D1028\" title=\"Twitter\" rel=\"nofollow noopener\" target=\"_blank\" style=\"font-size:24px!important;box-shadow:none;display:inline-block;vertical-align:middle\"><span class=\"the_champ_svg the_champ_s__default the_champ_s_twitter\" style=\"background-color:#55acee;width:40px;height:40px;margin:0;display:inline-block;opacity:1;float:left;font-size:24px;box-shadow:none;display:inline-block;font-size:16px;padding:0 4px;vertical-align:middle;background-repeat:repeat;overflow:hidden;padding:0;cursor:pointer;box-sizing:content-box\"><svg style=\"display:block;\" focusable=\"false\" aria-hidden=\"true\" xmlns=\"http:\/\/www.w3.org\/2000\/svg\" width=\"100%\" height=\"100%\" viewBox=\"-4 -4 39 39\"><path d=\"M28 8.557a9.913 9.913 0 0 1-2.828.775 4.93 4.93 0 0 0 2.166-2.725 9.738 9.738 0 0 1-3.13 1.194 4.92 4.92 0 0 0-3.593-1.55 4.924 4.924 0 0 0-4.794 6.049c-4.09-.21-7.72-2.17-10.15-5.15a4.942 4.942 0 0 0-.665 2.477c0 1.71.87 3.214 2.19 4.1a4.968 4.968 0 0 1-2.23-.616v.06c0 2.39 1.7 4.38 3.952 4.83-.414.115-.85.174-1.297.174-.318 0-.626-.03-.928-.086a4.935 4.935 0 0 0 4.6 3.42 9.893 9.893 0 0 1-6.114 2.107c-.398 0-.79-.023-1.175-.068a13.953 13.953 0 0 0 7.55 2.213c9.056 0 14.01-7.507 14.01-14.013 0-.213-.005-.426-.015-.637.96-.695 1.795-1.56 2.455-2.55z\" fill=\"#fff\"><\/path><\/svg><\/span><\/a><a aria-label=\"Instagram\" class=\"the_champ_button_instagram\" href=\"https:\/\/www.instagram.com\/\" title=\"Instagram\" rel=\"nofollow noopener\" target=\"_blank\" style=\"font-size:24px!important;box-shadow:none;display:inline-block;vertical-align:middle\"><span class=\"the_champ_svg\" style=\"background-color:#53beee;width:40px;height:40px;margin:0;display:inline-block;opacity:1;float:left;font-size:24px;box-shadow:none;display:inline-block;font-size:16px;padding:0 4px;vertical-align:middle;background-repeat:repeat;overflow:hidden;padding:0;cursor:pointer;box-sizing:content-box\"><svg style=\"display:block;\" version=\"1.1\" viewBox=\"-10 -10 148 148\" width=\"100%\" height=\"100%\" xml:space=\"preserve\" xmlns=\"http:\/\/www.w3.org\/2000\/svg\" xmlns:xlink=\"http:\/\/www.w3.org\/1999\/xlink\"><g><g><path d=\"M86,112H42c-14.336,0-26-11.663-26-26V42c0-14.337,11.664-26,26-26h44c14.337,0,26,11.663,26,26v44 C112,100.337,100.337,112,86,112z M42,24c-9.925,0-18,8.074-18,18v44c0,9.925,8.075,18,18,18h44c9.926,0,18-8.075,18-18V42 c0-9.926-8.074-18-18-18H42z\" fill=\"#fff\"><\/path><\/g><g><path d=\"M64,88c-13.234,0-24-10.767-24-24c0-13.234,10.766-24,24-24s24,10.766,24,24C88,77.233,77.234,88,64,88z M64,48c-8.822,0-16,7.178-16,16s7.178,16,16,16c8.822,0,16-7.178,16-16S72.822,48,64,48z\" fill=\"#fff\"><\/path><\/g><g><circle cx=\"89.5\" cy=\"38.5\" fill=\"#fff\" r=\"5.5\"><\/circle><\/g><\/g><\/svg><\/span><\/a><a aria-label=\"Linkedin\" class=\"the_champ_button_linkedin\" href=\"https:\/\/www.linkedin.com\/sharing\/share-offsite\/?url=https%3A%2F%2Fblogs.ugr.es%2Fheroes19%2F%3Fp%3D1028\" title=\"Linkedin\" rel=\"nofollow noopener\" target=\"_blank\" style=\"font-size:24px!important;box-shadow:none;display:inline-block;vertical-align:middle\"><span class=\"the_champ_svg the_champ_s__default the_champ_s_linkedin\" style=\"background-color:#0077b5;width:40px;height:40px;margin:0;display:inline-block;opacity:1;float:left;font-size:24px;box-shadow:none;display:inline-block;font-size:16px;padding:0 4px;vertical-align:middle;background-repeat:repeat;overflow:hidden;padding:0;cursor:pointer;box-sizing:content-box\"><svg style=\"display:block;\" focusable=\"false\" aria-hidden=\"true\" xmlns=\"http:\/\/www.w3.org\/2000\/svg\" width=\"100%\" height=\"100%\" viewBox=\"0 0 32 32\"><path d=\"M6.227 12.61h4.19v13.48h-4.19V12.61zm2.095-6.7a2.43 2.43 0 0 1 0 4.86c-1.344 0-2.428-1.09-2.428-2.43s1.084-2.43 2.428-2.43m4.72 6.7h4.02v1.84h.058c.56-1.058 1.927-2.176 3.965-2.176 4.238 0 5.02 2.792 5.02 6.42v7.395h-4.183v-6.56c0-1.564-.03-3.574-2.178-3.574-2.18 0-2.514 1.7-2.514 3.46v6.668h-4.187V12.61z\" fill=\"#fff\"><\/path><\/svg><\/span><\/a><a class=\"the_champ_more\" title=\"More\" rel=\"nofollow noopener\" style=\"font-size:24px!important;border:0;box-shadow:none;display:inline-block!important;font-size:16px;padding:0 4px;vertical-align: middle;display:inline;\" href=\"https:\/\/blogs.ugr.es\/heroes19\/?p=1028\" onclick=\"event.preventDefault()\"><span class=\"the_champ_svg\" style=\"background-color:#ee8e2d;width:40px;height:40px;margin:0;display:inline-block!important;opacity:1;float:left;font-size:32px!important;box-shadow:none;display:inline-block;font-size:16px;padding:0 4px;vertical-align:middle;display:inline;background-repeat:repeat;overflow:hidden;padding:0;cursor:pointer;box-sizing:content-box;\" onclick=\"theChampMoreSharingPopup(this, 'https:\/\/blogs.ugr.es\/heroes19\/?p=1028', '60%20Iniciativas%20Ejemplares%20en%20la%20Crisis%20Sanitaria%20del%20COVID-19%20-%20H%C3%A9roes%20del%20COVID-19', '' )\"><svg xmlns=\"http:\/\/www.w3.org\/2000\/svg\" xmlns:xlink=\"http:\/\/www.w3.org\/1999\/xlink\" viewBox=\"-.3 0 32 32\" version=\"1.1\" width=\"100%\" height=\"100%\" style=\"display:block;\" xml:space=\"preserve\"><g><path fill=\"#fff\" d=\"M18 14V8h-4v6H8v4h6v6h4v-6h6v-4h-6z\" fill-rule=\"evenodd\"><\/path><\/g><\/svg><\/span><\/a><\/div><\/div>","protected":false},"author":537,"featured_media":1086,"comment_status":"open","ping_status":"closed","sticky":false,"template":"","format":"standard","meta":{"_genesis_hide_title":false,"_genesis_hide_breadcrumbs":false,"_genesis_hide_singular_image":false,"_genesis_hide_footer_widgets":false,"_genesis_custom_body_class":"","_genesis_custom_post_class":"","_genesis_layout":"","footnotes":""},"categories":[10,18,109],"tags":[108,82,107,33],"class_list":{"0":"post-1028","1":"post","2":"type-post","3":"status-publish","4":"format-standard","5":"has-post-thumbnail","7":"category-colectivos-profesionales","8":"category-destacado-colectivos","9":"category-profesorado-colectivos-profesionales","10":"tag-adaptacion","11":"tag-dedicacion","12":"tag-docentes","13":"tag-flexibilidad","14":"entry"},"_links":{"self":[{"href":"https:\/\/blogs.ugr.es\/heroes19\/wp-json\/wp\/v2\/posts\/1028","targetHints":{"allow":["GET"]}}],"collection":[{"href":"https:\/\/blogs.ugr.es\/heroes19\/wp-json\/wp\/v2\/posts"}],"about":[{"href":"https:\/\/blogs.ugr.es\/heroes19\/wp-json\/wp\/v2\/types\/post"}],"author":[{"embeddable":true,"href":"https:\/\/blogs.ugr.es\/heroes19\/wp-json\/wp\/v2\/users\/537"}],"replies":[{"embeddable":true,"href":"https:\/\/blogs.ugr.es\/heroes19\/wp-json\/wp\/v2\/comments?post=1028"}],"version-history":[{"count":4,"href":"https:\/\/blogs.ugr.es\/heroes19\/wp-json\/wp\/v2\/posts\/1028\/revisions"}],"predecessor-version":[{"id":1092,"href":"https:\/\/blogs.ugr.es\/heroes19\/wp-json\/wp\/v2\/posts\/1028\/revisions\/1092"}],"wp:featuredmedia":[{"embeddable":true,"href":"https:\/\/blogs.ugr.es\/heroes19\/wp-json\/wp\/v2\/media\/1086"}],"wp:attachment":[{"href":"https:\/\/blogs.ugr.es\/heroes19\/wp-json\/wp\/v2\/media?parent=1028"}],"wp:term":[{"taxonomy":"category","embeddable":true,"href":"https:\/\/blogs.ugr.es\/heroes19\/wp-json\/wp\/v2\/categories?post=1028"},{"taxonomy":"post_tag","embeddable":true,"href":"https:\/\/blogs.ugr.es\/heroes19\/wp-json\/wp\/v2\/tags?post=1028"}],"curies":[{"name":"wp","href":"https:\/\/api.w.org\/{rel}","templated":true}]}}