{"id":833,"date":"2020-04-21T08:06:12","date_gmt":"2020-04-21T06:06:12","guid":{"rendered":"https:\/\/blogs.ugr.es\/heroes19\/?p=833"},"modified":"2020-04-23T01:18:15","modified_gmt":"2020-04-22T23:18:15","slug":"voluntarios-contra-la-epidemia-de-la-soledad-jovenes-que-saben-como-usar-sus-telefonos-para-ayudar","status":"publish","type":"post","link":"https:\/\/blogs.ugr.es\/heroes19\/voluntarios-contra-la-epidemia-de-la-soledad-jovenes-que-saben-como-usar-sus-telefonos-para-ayudar\/","title":{"rendered":"Voluntarios contra la epidemia de la soledad: J\u00f3venes que saben c\u00f3mo usar sus tel\u00e9fonos para ayudar"},"content":{"rendered":"<p>La soledad de los ancianos es el precio por sobrevivir, afirma el psic\u00f3logo cl\u00ednico Aar\u00f3n J. Espinoza; el aumento de la esperanza de vida ha provocado que cada vez haya m\u00e1s personas mayores que viven solas y que tambi\u00e9n mueren solas, una poblaci\u00f3n creciente de ancianos que pueden pasar meses y meses sin que nadie se interese por ellos; no resulta arriesgado asegurar, por tanto, que la soledad es la gran epidemia del siglo XXI.\u00a0 \u00a0Sin embargo, en tiempos de confinamiento por el COVID-19, la epidemia de la soledad se puede agudizar. <strong>Personas mayores que normalmente salen a la calle para encontrarse con sus amistades, comprar, pasear, hacer actividades, &#8230; de repente se quedan solas en casa sin poder salir<\/strong>. Adem\u00e1s, la limitada utilizaci\u00f3n de la tecnolog\u00eda por parte de muchos mayores hace m\u00e1s duro el confinamiento para esos mayores que para el resto. <strong>Unos j\u00f3venes voluntarios decidieron que era su momento de hacer algo al respecto.<\/strong><\/p>\n<p><strong><span style=\"color: #0000ff\">\u00bfQui\u00e9nes son?<\/span><\/strong><\/p>\n<p><img loading=\"lazy\" decoding=\"async\" class=\"alignleft wp-image-841\" src=\"https:\/\/blogs.ugr.es\/heroes19\/wp-content\/uploads\/sites\/75\/2020\/04\/man-3469587_1920-300x200.jpg\" alt=\"\" width=\"245\" height=\"162\" srcset=\"https:\/\/blogs.ugr.es\/heroes19\/wp-content\/uploads\/sites\/75\/2020\/04\/man-3469587_1920-300x200.jpg 300w, https:\/\/blogs.ugr.es\/heroes19\/wp-content\/uploads\/sites\/75\/2020\/04\/man-3469587_1920-700x467.jpg 700w\" sizes=\"auto, (max-width: 245px) 100vw, 245px\" \/>Diecisiete <strong>estudiantes del M\u00e1ster de Gerontolog\u00eda, Dependencia y Protecci\u00f3n de los Mayores de la Universidad de Granada<\/strong>, j\u00f3venes con vocaci\u00f3n de servicio, han formado un <strong>equipo de voluntarios<\/strong> para el acompa\u00f1amiento telef\u00f3nico de los mayores que viven solos. Los estudiantes se han repartido el trabajo de una forma admirable. Sandra Tremolada, Eugenia A\u00f1azgo, Antonio Morales y Antonio C\u00f3rdoba son los encargados de estudiar los distintos casos y situaciones; Roc\u00edo C\u00e1novas, Teresa Ca\u00f1ete, Melina Tortosa, Delia V\u00e1zquez, Carmen Quijada, Valentina Serrano, Jos\u00e9 \u00c1ngel Gonz\u00e1lez, Ver\u00f3nica Tovar, Inmaculada Gonz\u00e1lez, Iris Gonz\u00e1lez, Victoria Rom\u00e1n y J\u00e9ssica Urbano son quienes realizan materialmente una media de 3 llamadas cada dos o tres d\u00edas, dependiendo de la situaci\u00f3n de necesidad y dependencia de la persona mayor con quien se van a encargar de comunicar.\u00a0 El equipo est\u00e1 <strong>coordinado por la profesora Ramona Rubio,\u00a0 Catedr\u00e1tica Em\u00e9rita de la Universidad de Granada<\/strong> y una experta reconocida en temas de atenci\u00f3n a mayores.<\/p>\n<p><strong><span style=\"color: #0000ff\">\u00bfQu\u00e9 han hecho?<\/span><\/strong><\/p>\n<p>Este grupo de personas voluntarias pusieron en marcha un voluntariado para el <strong>acompa\u00f1amiento telef\u00f3nico de personas mayores<\/strong> participantes en el Aula de Mayores Ciudad de Granada que dirige la profesora Rubio.\u00a0 Las fotos de este apartado muestra a algunas de las <img loading=\"lazy\" decoding=\"async\" class=\"alignright wp-image-842\" src=\"https:\/\/blogs.ugr.es\/heroes19\/wp-content\/uploads\/sites\/75\/2020\/04\/aula-mayores-tarea-300x177.png\" alt=\"\" width=\"261\" height=\"153\" srcset=\"https:\/\/blogs.ugr.es\/heroes19\/wp-content\/uploads\/sites\/75\/2020\/04\/aula-mayores-tarea-300x177.png 300w, https:\/\/blogs.ugr.es\/heroes19\/wp-content\/uploads\/sites\/75\/2020\/04\/aula-mayores-tarea.png 529w\" sizes=\"auto, (max-width: 261px) 100vw, 261px\" \/>personas participantes en ese Aula de Mayores antes de que se decretara el confinamiento.\u00a0 Posteriormente, y como consecuencia del periodo de confinamiento, el proyecto se ha ido ampliando a la poblaci\u00f3n de mayores en general, gracias al apoyo divulgativo de los profesionales del sector y de los medios de comunicaci\u00f3n. Hoy, la cifra de mayores atendidos supera los 50. Destaca el dato de que el 84% de estos mayores sean mujeres.<\/p>\n<p>Los objetivos que este proyecto a cubierto son b\u00e1sicamente dos:<\/p>\n<ul>\n<li>Conocer el estado de \u00e1nimo con el que cada una de las personas mayores se encontraba durante el confinamiento, posibilitando un acercamiento a su vida emocional. Como consecuencia se conseguir\u00e1 <strong>identificar posibles diferencias entre su \u201cestado de salud real\u201d y su \u201cestado de salud percibida\u201d<\/strong>, procur\u00e1ndoles estrategias de afrontamiento.<\/li>\n<li><strong>Facilitar compa\u00f1\u00eda y mostrar cari\u00f1o<\/strong> hacia las personas mayores a las que se llama intentando mantener en esas personas mayores una visi\u00f3n positiva, indispensable tanto para su bienestar como para su salud mental y f\u00edsica.<\/li>\n<\/ul>\n<p><img loading=\"lazy\" decoding=\"async\" class=\"alignleft wp-image-856\" src=\"https:\/\/blogs.ugr.es\/heroes19\/wp-content\/uploads\/sites\/75\/2020\/04\/aula-mayores2-300x170.png\" alt=\"\" width=\"231\" height=\"131\" srcset=\"https:\/\/blogs.ugr.es\/heroes19\/wp-content\/uploads\/sites\/75\/2020\/04\/aula-mayores2-300x170.png 300w, https:\/\/blogs.ugr.es\/heroes19\/wp-content\/uploads\/sites\/75\/2020\/04\/aula-mayores2-332x190.png 332w, https:\/\/blogs.ugr.es\/heroes19\/wp-content\/uploads\/sites\/75\/2020\/04\/aula-mayores2.png 545w\" sizes=\"auto, (max-width: 231px) 100vw, 231px\" \/>Aunque actualmente cuentan con un volumen de voluntarios en reserva, las personas que pudieran estar interesadas, <strong>pueden ponerse en contacto con el equipo, a trav\u00e9s del correo: &#x6d;&#97;s&#x74;&#x65;&#114;&#64;&#x75;&#x67;&#114;&#46;&#x65;&#x73;.<\/strong><\/p>\n<p><span style=\"color: #0000ff\"><strong>\u00bfQui\u00e9n propone el reconocimiento?<\/strong><\/span><\/p>\n<p>La persona que propone el reconocimiento es el profesor Juan Antonio Maldonado Molina, Director del M\u00e1ster en el que participan los estudiantes, en su calidad de conocedor de primera mano del trabajo riguroso y entusiasta de estos estudiantes y su coordinadora. Adem\u00e1s, no resulta dif\u00edcil entender que las personas mayores que reciben este servicio de acompa\u00f1amiento y sus seres queridos est\u00e1n tambi\u00e9n encantadas con el reconocimiento.<\/p>\n<p><span style=\"color: #0000ff\"><strong>\u00bfQUIERES DARLES TU AGRADECIMIENTO<\/strong><strong>? <\/strong><\/span><strong>Si quieres dejar alg\u00fan comentario de agradecimiento o felicitaci\u00f3n a este grupo de voluntarios puedes hacerlo debajo, o simplemente pulsa \u201clike\/me gusta\u201d si quieres sumarte al agradecimiento general.<\/strong><\/p>\n<h3><strong>\u00a1Agradece ahora! Se lo merecen.<\/strong><\/h3>\n<p>&nbsp;<\/p>\n<p>&nbsp;<\/p>\n<p>(Foto Daniel Reche en Pixabay)<\/p>\n","protected":false},"excerpt":{"rendered":"<p>La soledad de los ancianos es el precio por sobrevivir, afirma el psic\u00f3logo cl\u00ednico Aar\u00f3n J. Espinoza; el aumento de la esperanza de vida ha provocado que cada vez haya m\u00e1s personas mayores que viven solas y que tambi\u00e9n mueren solas, una poblaci\u00f3n creciente de ancianos que pueden pasar meses y meses sin que nadie [&hellip;]<\/p>\n<div class='the_champ_sharing_container the_champ_vertical_sharing the_champ_hide_sharing the_champ_bottom_sharing' style='width:44px;left: -10px;top: 100px;-webkit-box-shadow:none;box-shadow:none;' data-super-socializer-href=\"https:\/\/blogs.ugr.es\/heroes19\/wp-json\/wp\/v2\/posts\/833\"><div class=\"the_champ_sharing_ul\"><a aria-label=\"Facebook\" class=\"the_champ_facebook\" href=\"https:\/\/www.facebook.com\/sharer\/sharer.php?u=https%3A%2F%2Fblogs.ugr.es%2Fheroes19%2F%3Fp%3D833\" title=\"Facebook\" rel=\"nofollow noopener\" target=\"_blank\" style=\"font-size:24px!important;box-shadow:none;display:inline-block;vertical-align:middle\"><span class=\"the_champ_svg\" style=\"background-color:#0765FE;width:40px;height:40px;margin:0;display:inline-block;opacity:1;float:left;font-size:24px;box-shadow:none;display:inline-block;font-size:16px;padding:0 4px;vertical-align:middle;background-repeat:repeat;overflow:hidden;padding:0;cursor:pointer;box-sizing:content-box\"><svg style=\"display:block;\" focusable=\"false\" aria-hidden=\"true\" xmlns=\"http:\/\/www.w3.org\/2000\/svg\" width=\"100%\" height=\"100%\" viewBox=\"0 0 32 32\"><path fill=\"#fff\" d=\"M28 16c0-6.627-5.373-12-12-12S4 9.373 4 16c0 5.628 3.875 10.35 9.101 11.647v-7.98h-2.474V16H13.1v-1.58c0-4.085 1.849-5.978 5.859-5.978.76 0 2.072.15 2.608.298v3.325c-.283-.03-.775-.045-1.386-.045-1.967 0-2.728.745-2.728 2.683V16h3.92l-.673 3.667h-3.247v8.245C23.395 27.195 28 22.135 28 16Z\"><\/path><\/svg><\/span><\/a><a aria-label=\"Whatsapp\" class=\"the_champ_whatsapp\" href=\"https:\/\/api.whatsapp.com\/send?text=60%20Iniciativas%20Ejemplares%20en%20la%20Crisis%20Sanitaria%20del%20COVID-19%20-%20H%C3%A9roes%20del%20COVID-19 https%3A%2F%2Fblogs.ugr.es%2Fheroes19%2F%3Fp%3D833\" title=\"Whatsapp\" rel=\"nofollow noopener\" target=\"_blank\" style=\"font-size:24px!important;box-shadow:none;display:inline-block;vertical-align:middle\"><span class=\"the_champ_svg\" style=\"background-color:#55eb4c;width:40px;height:40px;margin:0;display:inline-block;opacity:1;float:left;font-size:24px;box-shadow:none;display:inline-block;font-size:16px;padding:0 4px;vertical-align:middle;background-repeat:repeat;overflow:hidden;padding:0;cursor:pointer;box-sizing:content-box\"><svg style=\"display:block;\" focusable=\"false\" aria-hidden=\"true\" xmlns=\"http:\/\/www.w3.org\/2000\/svg\" width=\"100%\" height=\"100%\" viewBox=\"-6 -5 40 40\"><path class=\"the_champ_svg_stroke the_champ_no_fill\" stroke=\"#fff\" stroke-width=\"2\" fill=\"none\" d=\"M 11.579798566743314 24.396926207859085 A 10 10 0 1 0 6.808479557110079 20.73576436351046\"><\/path><path d=\"M 7 19 l -1 6 l 6 -1\" class=\"the_champ_no_fill the_champ_svg_stroke\" stroke=\"#fff\" stroke-width=\"2\" fill=\"none\"><\/path><path d=\"M 10 10 q -1 8 8 11 c 5 -1 0 -6 -1 -3 q -4 -3 -5 -5 c 4 -2 -1 -5 -1 -4\" fill=\"#fff\"><\/path><\/svg><\/span><\/a><a aria-label=\"Twitter\" class=\"the_champ_button_twitter\" href=\"https:\/\/twitter.com\/intent\/tweet?text=60%20Iniciativas%20Ejemplares%20en%20la%20Crisis%20Sanitaria%20del%20COVID-19%20-%20H%C3%A9roes%20del%20COVID-19&url=https%3A%2F%2Fblogs.ugr.es%2Fheroes19%2F%3Fp%3D833\" title=\"Twitter\" rel=\"nofollow noopener\" target=\"_blank\" style=\"font-size:24px!important;box-shadow:none;display:inline-block;vertical-align:middle\"><span class=\"the_champ_svg the_champ_s__default the_champ_s_twitter\" style=\"background-color:#55acee;width:40px;height:40px;margin:0;display:inline-block;opacity:1;float:left;font-size:24px;box-shadow:none;display:inline-block;font-size:16px;padding:0 4px;vertical-align:middle;background-repeat:repeat;overflow:hidden;padding:0;cursor:pointer;box-sizing:content-box\"><svg style=\"display:block;\" focusable=\"false\" aria-hidden=\"true\" xmlns=\"http:\/\/www.w3.org\/2000\/svg\" width=\"100%\" height=\"100%\" viewBox=\"-4 -4 39 39\"><path d=\"M28 8.557a9.913 9.913 0 0 1-2.828.775 4.93 4.93 0 0 0 2.166-2.725 9.738 9.738 0 0 1-3.13 1.194 4.92 4.92 0 0 0-3.593-1.55 4.924 4.924 0 0 0-4.794 6.049c-4.09-.21-7.72-2.17-10.15-5.15a4.942 4.942 0 0 0-.665 2.477c0 1.71.87 3.214 2.19 4.1a4.968 4.968 0 0 1-2.23-.616v.06c0 2.39 1.7 4.38 3.952 4.83-.414.115-.85.174-1.297.174-.318 0-.626-.03-.928-.086a4.935 4.935 0 0 0 4.6 3.42 9.893 9.893 0 0 1-6.114 2.107c-.398 0-.79-.023-1.175-.068a13.953 13.953 0 0 0 7.55 2.213c9.056 0 14.01-7.507 14.01-14.013 0-.213-.005-.426-.015-.637.96-.695 1.795-1.56 2.455-2.55z\" fill=\"#fff\"><\/path><\/svg><\/span><\/a><a aria-label=\"Instagram\" class=\"the_champ_button_instagram\" href=\"https:\/\/www.instagram.com\/\" title=\"Instagram\" rel=\"nofollow noopener\" target=\"_blank\" style=\"font-size:24px!important;box-shadow:none;display:inline-block;vertical-align:middle\"><span class=\"the_champ_svg\" style=\"background-color:#53beee;width:40px;height:40px;margin:0;display:inline-block;opacity:1;float:left;font-size:24px;box-shadow:none;display:inline-block;font-size:16px;padding:0 4px;vertical-align:middle;background-repeat:repeat;overflow:hidden;padding:0;cursor:pointer;box-sizing:content-box\"><svg style=\"display:block;\" version=\"1.1\" viewBox=\"-10 -10 148 148\" width=\"100%\" height=\"100%\" xml:space=\"preserve\" xmlns=\"http:\/\/www.w3.org\/2000\/svg\" xmlns:xlink=\"http:\/\/www.w3.org\/1999\/xlink\"><g><g><path d=\"M86,112H42c-14.336,0-26-11.663-26-26V42c0-14.337,11.664-26,26-26h44c14.337,0,26,11.663,26,26v44 C112,100.337,100.337,112,86,112z M42,24c-9.925,0-18,8.074-18,18v44c0,9.925,8.075,18,18,18h44c9.926,0,18-8.075,18-18V42 c0-9.926-8.074-18-18-18H42z\" fill=\"#fff\"><\/path><\/g><g><path d=\"M64,88c-13.234,0-24-10.767-24-24c0-13.234,10.766-24,24-24s24,10.766,24,24C88,77.233,77.234,88,64,88z M64,48c-8.822,0-16,7.178-16,16s7.178,16,16,16c8.822,0,16-7.178,16-16S72.822,48,64,48z\" fill=\"#fff\"><\/path><\/g><g><circle cx=\"89.5\" cy=\"38.5\" fill=\"#fff\" r=\"5.5\"><\/circle><\/g><\/g><\/svg><\/span><\/a><a aria-label=\"Linkedin\" class=\"the_champ_button_linkedin\" href=\"https:\/\/www.linkedin.com\/sharing\/share-offsite\/?url=https%3A%2F%2Fblogs.ugr.es%2Fheroes19%2F%3Fp%3D833\" title=\"Linkedin\" rel=\"nofollow noopener\" target=\"_blank\" style=\"font-size:24px!important;box-shadow:none;display:inline-block;vertical-align:middle\"><span class=\"the_champ_svg the_champ_s__default the_champ_s_linkedin\" style=\"background-color:#0077b5;width:40px;height:40px;margin:0;display:inline-block;opacity:1;float:left;font-size:24px;box-shadow:none;display:inline-block;font-size:16px;padding:0 4px;vertical-align:middle;background-repeat:repeat;overflow:hidden;padding:0;cursor:pointer;box-sizing:content-box\"><svg style=\"display:block;\" focusable=\"false\" aria-hidden=\"true\" xmlns=\"http:\/\/www.w3.org\/2000\/svg\" width=\"100%\" height=\"100%\" viewBox=\"0 0 32 32\"><path d=\"M6.227 12.61h4.19v13.48h-4.19V12.61zm2.095-6.7a2.43 2.43 0 0 1 0 4.86c-1.344 0-2.428-1.09-2.428-2.43s1.084-2.43 2.428-2.43m4.72 6.7h4.02v1.84h.058c.56-1.058 1.927-2.176 3.965-2.176 4.238 0 5.02 2.792 5.02 6.42v7.395h-4.183v-6.56c0-1.564-.03-3.574-2.178-3.574-2.18 0-2.514 1.7-2.514 3.46v6.668h-4.187V12.61z\" fill=\"#fff\"><\/path><\/svg><\/span><\/a><a class=\"the_champ_more\" title=\"More\" rel=\"nofollow noopener\" style=\"font-size:24px!important;border:0;box-shadow:none;display:inline-block!important;font-size:16px;padding:0 4px;vertical-align: middle;display:inline;\" href=\"https:\/\/blogs.ugr.es\/heroes19\/?p=833\" onclick=\"event.preventDefault()\"><span class=\"the_champ_svg\" style=\"background-color:#ee8e2d;width:40px;height:40px;margin:0;display:inline-block!important;opacity:1;float:left;font-size:32px!important;box-shadow:none;display:inline-block;font-size:16px;padding:0 4px;vertical-align:middle;display:inline;background-repeat:repeat;overflow:hidden;padding:0;cursor:pointer;box-sizing:content-box;\" onclick=\"theChampMoreSharingPopup(this, 'https:\/\/blogs.ugr.es\/heroes19\/?p=833', '60%20Iniciativas%20Ejemplares%20en%20la%20Crisis%20Sanitaria%20del%20COVID-19%20-%20H%C3%A9roes%20del%20COVID-19', '' )\"><svg xmlns=\"http:\/\/www.w3.org\/2000\/svg\" xmlns:xlink=\"http:\/\/www.w3.org\/1999\/xlink\" viewBox=\"-.3 0 32 32\" version=\"1.1\" width=\"100%\" height=\"100%\" style=\"display:block;\" xml:space=\"preserve\"><g><path fill=\"#fff\" d=\"M18 14V8h-4v6H8v4h6v6h4v-6h6v-4h-6z\" fill-rule=\"evenodd\"><\/path><\/g><\/svg><\/span><\/a><\/div><\/div>","protected":false},"author":23,"featured_media":841,"comment_status":"open","ping_status":"closed","sticky":false,"template":"","format":"standard","meta":{"_genesis_hide_title":false,"_genesis_hide_breadcrumbs":false,"_genesis_hide_singular_image":false,"_genesis_hide_footer_widgets":false,"_genesis_custom_body_class":"","_genesis_custom_post_class":"","_genesis_layout":"","footnotes":""},"categories":[16],"tags":[30,71,45,86,27,44,40,98],"class_list":{"0":"post-833","1":"post","2":"type-post","3":"status-publish","4":"format-standard","5":"has-post-thumbnail","7":"category-voluntarios","8":"tag-compromiso","9":"tag-emocion","10":"tag-empatia","11":"tag-generosidad","12":"tag-organizacion","13":"tag-paciencia","14":"tag-solidaridad","15":"tag-universitarios","16":"entry"},"_links":{"self":[{"href":"https:\/\/blogs.ugr.es\/heroes19\/wp-json\/wp\/v2\/posts\/833","targetHints":{"allow":["GET"]}}],"collection":[{"href":"https:\/\/blogs.ugr.es\/heroes19\/wp-json\/wp\/v2\/posts"}],"about":[{"href":"https:\/\/blogs.ugr.es\/heroes19\/wp-json\/wp\/v2\/types\/post"}],"author":[{"embeddable":true,"href":"https:\/\/blogs.ugr.es\/heroes19\/wp-json\/wp\/v2\/users\/23"}],"replies":[{"embeddable":true,"href":"https:\/\/blogs.ugr.es\/heroes19\/wp-json\/wp\/v2\/comments?post=833"}],"version-history":[{"count":4,"href":"https:\/\/blogs.ugr.es\/heroes19\/wp-json\/wp\/v2\/posts\/833\/revisions"}],"predecessor-version":[{"id":930,"href":"https:\/\/blogs.ugr.es\/heroes19\/wp-json\/wp\/v2\/posts\/833\/revisions\/930"}],"wp:featuredmedia":[{"embeddable":true,"href":"https:\/\/blogs.ugr.es\/heroes19\/wp-json\/wp\/v2\/media\/841"}],"wp:attachment":[{"href":"https:\/\/blogs.ugr.es\/heroes19\/wp-json\/wp\/v2\/media?parent=833"}],"wp:term":[{"taxonomy":"category","embeddable":true,"href":"https:\/\/blogs.ugr.es\/heroes19\/wp-json\/wp\/v2\/categories?post=833"},{"taxonomy":"post_tag","embeddable":true,"href":"https:\/\/blogs.ugr.es\/heroes19\/wp-json\/wp\/v2\/tags?post=833"}],"curies":[{"name":"wp","href":"https:\/\/api.w.org\/{rel}","templated":true}]}}