{"id":173,"date":"2021-10-12T11:53:37","date_gmt":"2021-10-12T09:53:37","guid":{"rendered":"https:\/\/blogs.ugr.es\/income\/?p=173"},"modified":"2021-10-12T12:01:26","modified_gmt":"2021-10-12T10:01:26","slug":"presentacion","status":"publish","type":"post","link":"https:\/\/blogs.ugr.es\/income\/presentacion\/","title":{"rendered":"Presentaci\u00f3n"},"content":{"rendered":"<p><img loading=\"lazy\" decoding=\"async\" class=\"wp-image-177 alignright\" src=\"https:\/\/blogs.ugr.es\/income\/wp-content\/uploads\/sites\/119\/2021\/10\/Cartel_page-0001-1-212x300.jpg\" alt=\"\" width=\"514\" height=\"727\" srcset=\"https:\/\/blogs.ugr.es\/income\/wp-content\/uploads\/sites\/119\/2021\/10\/Cartel_page-0001-1-212x300.jpg 212w, https:\/\/blogs.ugr.es\/income\/wp-content\/uploads\/sites\/119\/2021\/10\/Cartel_page-0001-1-495x700.jpg 495w, https:\/\/blogs.ugr.es\/income\/wp-content\/uploads\/sites\/119\/2021\/10\/Cartel_page-0001-1.jpg 566w\" sizes=\"auto, (max-width: 514px) 100vw, 514px\" \/><\/p>\n<p><span style=\"font-weight: 400\">El Seminario Internacional \u201cArtesan\u00eda y comercio en al-Andalus (siglos XII-XV)\u201d<\/span><span>que se celebrar\u00e1 en Granada en d<\/span><span>os sesiones en los meses de diciembre de 2021 y marzo de 2022 desde el Grupo de Investigaci\u00f3n \u201cIndustria y Comercio en al-Andalus: siglos XII-XV. INCOME.\u201d (P18-FR-2046), tiene com<\/span><span>o objetivo abrir un foro de trabajo que d\u00e9 espacio a una l\u00ednea de investigaci\u00f3n sobre este tipo de actividades productivas en al-Andalus a finales de la Edad\u00a0<\/span><span>Media. Se trata de un \u00e1mbito de investigaci\u00f3n siempre necesariamente presente en los estudios sobre la realidad social y econ\u00f3mica andalus\u00ed, que por su proyecci\u00f3n material cuenta tambi\u00e9n con una nutrida representaci\u00f3n en la bibliograf\u00eda arqueol\u00f3gica andalus\u00ed, pero<\/span>\u00a0que hasta el momento en pocas ocasiones ha sido abordado de manera sistem\u00e1tica ni desde una perspectiva amplia y multifocal, que entendemos que resulta ser el mejor modo de dotarlo de su necesaria complejidad y riqueza.<\/p>\n<p><span style=\"font-weight: 400\">El seminario abordar\u00e1 diferentes \u00e1mbitos tem\u00e1ticos vinculados a la producci\u00f3n artesanal a lo largo de la fase final de la historia de al-Andalus, tratando aspectos que remiten a la materialidad de estas actividades, su impacto en la organizaci\u00f3n espacial de los lugares en que se insertan, organizaci\u00f3n social y formas de trabajo que implica su puesta en marcha y evoluci\u00f3n.<\/span><\/p>\n<p><span style=\"font-weight: 400\">Las diferentes secciones tem\u00e1ticas que compondr\u00e1n el seminario y que se indican seguidamente, contar\u00e1n con ponencias marco invitadas y un m\u00e1ximo de 3 comunicaciones por secci\u00f3n, las cuales pueden ser remitidas a la direcci\u00f3n: &#105;&#x6e;&#99;&#x6f;&#109;&#x65;&#117;&#x67;r&#x40;g&#x6d;a&#x69;l&#46;&#x63;&#111;&#x6d;<\/span><\/p>\n<p>&nbsp;<\/p>\n<p><span style=\"font-weight: 400\"><strong>Sesi\u00f3n I. Producci\u00f3n y comercio en al-Andalus<\/strong>:<\/span><span style=\"font-weight: 400\"> 1-3 de diciembre de 2021.<\/span><\/p>\n<p><span style=\"font-weight: 400\">Secciones tem\u00e1ticas:\u00a0 Artesan\u00eda y comercio<\/span><\/p>\n<p><span style=\"font-weight: 400\">Evoluci\u00f3n de los procesos tecnol\u00f3gicos de la producci\u00f3n artesanal<\/span><\/p>\n<p><span style=\"font-weight: 400\">Los espacios de la artesan\u00eda<\/span><\/p>\n<p>&nbsp;<\/p>\n<p><span style=\"font-weight: 400\"><strong>Sesi\u00f3n II. Organizaci\u00f3n y estructura del trabajo artesanal<\/strong>:<\/span><span style=\"font-weight: 400\"> 2-4 de marzo de 2022.<\/span><\/p>\n<p><span style=\"font-weight: 400\">Secciones tem\u00e1ticas: Regulaci\u00f3n de las actividades artesanales<\/span><\/p>\n<p><span style=\"font-weight: 400\">Colectivos artesanales<\/span><\/p>\n<p><span style=\"font-weight: 400\">Organizaci\u00f3n de los procesos de trabajo artesanal<\/span><\/p>\n","protected":false},"excerpt":{"rendered":"<p>El Seminario Internacional \u201cArtesan\u00eda y comercio en al-Andalus (siglos XII-XV)\u201dque se celebrar\u00e1 en Granada en dos sesiones en los meses de diciembre de 2021 y marzo de 2022 desde el Grupo de Investigaci\u00f3n \u201cIndustria y Comercio en al-Andalus: siglos XII-XV. INCOME.\u201d (P18-FR-2046), tiene como objetivo abrir un foro de trabajo que d\u00e9 espacio a una [&hellip;]<\/p>\n","protected":false},"author":591,"featured_media":0,"comment_status":"open","ping_status":"closed","sticky":false,"template":"","format":"standard","meta":{"_genesis_hide_title":false,"_genesis_hide_breadcrumbs":false,"_genesis_hide_singular_image":false,"_genesis_hide_footer_widgets":false,"_genesis_custom_body_class":"","_genesis_custom_post_class":"","_genesis_layout":"","footnotes":""},"categories":[8],"tags":[],"class_list":{"0":"post-173","1":"post","2":"type-post","3":"status-publish","4":"format-standard","6":"category-organizacion","7":"entry","8":"has-post-thumbnail"},"_links":{"self":[{"href":"https:\/\/blogs.ugr.es\/income\/wp-json\/wp\/v2\/posts\/173","targetHints":{"allow":["GET"]}}],"collection":[{"href":"https:\/\/blogs.ugr.es\/income\/wp-json\/wp\/v2\/posts"}],"about":[{"href":"https:\/\/blogs.ugr.es\/income\/wp-json\/wp\/v2\/types\/post"}],"author":[{"embeddable":true,"href":"https:\/\/blogs.ugr.es\/income\/wp-json\/wp\/v2\/users\/591"}],"replies":[{"embeddable":true,"href":"https:\/\/blogs.ugr.es\/income\/wp-json\/wp\/v2\/comments?post=173"}],"version-history":[{"count":3,"href":"https:\/\/blogs.ugr.es\/income\/wp-json\/wp\/v2\/posts\/173\/revisions"}],"predecessor-version":[{"id":176,"href":"https:\/\/blogs.ugr.es\/income\/wp-json\/wp\/v2\/posts\/173\/revisions\/176"}],"wp:attachment":[{"href":"https:\/\/blogs.ugr.es\/income\/wp-json\/wp\/v2\/media?parent=173"}],"wp:term":[{"taxonomy":"category","embeddable":true,"href":"https:\/\/blogs.ugr.es\/income\/wp-json\/wp\/v2\/categories?post=173"},{"taxonomy":"post_tag","embeddable":true,"href":"https:\/\/blogs.ugr.es\/income\/wp-json\/wp\/v2\/tags?post=173"}],"curies":[{"name":"wp","href":"https:\/\/api.w.org\/{rel}","templated":true}]}}