{"id":415,"date":"2021-05-16T12:55:56","date_gmt":"2021-05-16T10:55:56","guid":{"rendered":"https:\/\/blogs.ugr.es\/inventate\/?p=415"},"modified":"2021-05-16T12:58:11","modified_gmt":"2021-05-16T10:58:11","slug":"edicion-didactica-de-desdichas-de-la-fortuna-de-los-hermanos-machado","status":"publish","type":"post","link":"https:\/\/blogs.ugr.es\/inventate\/edicion-didactica-de-desdichas-de-la-fortuna-de-los-hermanos-machado\/","title":{"rendered":"Edici\u00f3n did\u00e1ctica de \u00abDesdichas de la fortuna\u00bb de los hermanos Machado"},"content":{"rendered":"<p>Ediciones Rilke ha publicado la edici\u00f3n did\u00e1ctica sobre la obra dram\u00e1tica de los escritores Manuel y Antonio Machado<a href=\"https:\/\/elmirondesoria.es\/nacional\/sociedad\/edicion-didactica-de-desdichas-de-la-fortuna\/amp\">\u00a0<\/a><em><a href=\"https:\/\/elmirondesoria.es\/nacional\/sociedad\/edicion-didactica-de-desdichas-de-la-fortuna\/amp\">\u00abDesdichas de la fortuna o Julianillo Valc\u00e1rcel\u00bb<\/a>. <\/em>El trabajo est\u00e1 dirigido fundamentalmente a 3\u00ba y 4\u00ba ESO, y Bachillerato y permite tanto su lectura y dramatizaci\u00f3n (club de lectura, actividad para dinamizar bibliotecas, etc.) como su trabajado secuenciado en el aula.<\/p>\n<p><img loading=\"lazy\" decoding=\"async\" class=\"size-medium wp-image-416 aligncenter\" src=\"https:\/\/blogs.ugr.es\/inventate\/wp-content\/uploads\/sites\/96\/2021\/05\/Desdichas-de-la-fortuna-o-Julianillo-Valcarcel-300x207.jpg\" alt=\"Ediciones\" width=\"300\" height=\"207\" srcset=\"https:\/\/blogs.ugr.es\/inventate\/wp-content\/uploads\/sites\/96\/2021\/05\/Desdichas-de-la-fortuna-o-Julianillo-Valcarcel-300x207.jpg 300w, https:\/\/blogs.ugr.es\/inventate\/wp-content\/uploads\/sites\/96\/2021\/05\/Desdichas-de-la-fortuna-o-Julianillo-Valcarcel-700x484.jpg 700w, https:\/\/blogs.ugr.es\/inventate\/wp-content\/uploads\/sites\/96\/2021\/05\/Desdichas-de-la-fortuna-o-Julianillo-Valcarcel.jpg 980w\" sizes=\"auto, (max-width: 300px) 100vw, 300px\" \/><\/p>\n","protected":false},"excerpt":{"rendered":"<p>Ediciones Rilke ha publicado la edici\u00f3n did\u00e1ctica sobre la obra dram\u00e1tica de los escritores Manuel y Antonio Machado\u00a0\u00abDesdichas de la fortuna o Julianillo Valc\u00e1rcel\u00bb. El trabajo est\u00e1 dirigido fundamentalmente a 3\u00ba y 4\u00ba ESO, y Bachillerato y permite tanto su lectura y dramatizaci\u00f3n (club de lectura, actividad para dinamizar bibliotecas, etc.) como su trabajado secuenciado [&hellip;]<\/p>\n","protected":false},"author":572,"featured_media":0,"comment_status":"open","ping_status":"closed","sticky":false,"template":"","format":"standard","meta":{"_genesis_hide_title":false,"_genesis_hide_breadcrumbs":false,"_genesis_hide_singular_image":false,"_genesis_hide_footer_widgets":false,"_genesis_custom_body_class":"","_genesis_custom_post_class":"","_genesis_layout":"","footnotes":""},"categories":[15],"tags":[],"class_list":{"0":"post-415","1":"post","2":"type-post","3":"status-publish","4":"format-standard","6":"category-difusion","7":"entry","8":"has-post-thumbnail"},"_links":{"self":[{"href":"https:\/\/blogs.ugr.es\/inventate\/wp-json\/wp\/v2\/posts\/415","targetHints":{"allow":["GET"]}}],"collection":[{"href":"https:\/\/blogs.ugr.es\/inventate\/wp-json\/wp\/v2\/posts"}],"about":[{"href":"https:\/\/blogs.ugr.es\/inventate\/wp-json\/wp\/v2\/types\/post"}],"author":[{"embeddable":true,"href":"https:\/\/blogs.ugr.es\/inventate\/wp-json\/wp\/v2\/users\/572"}],"replies":[{"embeddable":true,"href":"https:\/\/blogs.ugr.es\/inventate\/wp-json\/wp\/v2\/comments?post=415"}],"version-history":[{"count":3,"href":"https:\/\/blogs.ugr.es\/inventate\/wp-json\/wp\/v2\/posts\/415\/revisions"}],"predecessor-version":[{"id":420,"href":"https:\/\/blogs.ugr.es\/inventate\/wp-json\/wp\/v2\/posts\/415\/revisions\/420"}],"wp:attachment":[{"href":"https:\/\/blogs.ugr.es\/inventate\/wp-json\/wp\/v2\/media?parent=415"}],"wp:term":[{"taxonomy":"category","embeddable":true,"href":"https:\/\/blogs.ugr.es\/inventate\/wp-json\/wp\/v2\/categories?post=415"},{"taxonomy":"post_tag","embeddable":true,"href":"https:\/\/blogs.ugr.es\/inventate\/wp-json\/wp\/v2\/tags?post=415"}],"curies":[{"name":"wp","href":"https:\/\/api.w.org\/{rel}","templated":true}]}}