{"id":819,"date":"2023-02-21T18:23:18","date_gmt":"2023-02-21T17:23:18","guid":{"rendered":"https:\/\/blogs.ugr.es\/inventate\/?p=819"},"modified":"2023-02-21T18:24:07","modified_gmt":"2023-02-21T17:24:07","slug":"funcion-teatral-el-cielo-de-sefarad-claroscuro-teatro-alhambra-ciclos-docentes","status":"publish","type":"post","link":"https:\/\/blogs.ugr.es\/inventate\/funcion-teatral-el-cielo-de-sefarad-claroscuro-teatro-alhambra-ciclos-docentes\/","title":{"rendered":"FUNCI\u00d3N TEATRAL \u00abEL CIELO DE SEFARAD\u00bb CLAROSCURO &#8211; TEATRO ALHAMBRA (CICLOS DOCENTES)"},"content":{"rendered":"<div class=\"v1pre\">\n<p>Dentro del Programa de Pr\u00e1cticas de Campo, tenemos el proyecto adscrito al dpto. y titulado:<\/p>\n<p>\u00abObservaci\u00f3n y evaluaci\u00f3n pr\u00e1ctica del discurso teatral para la implementaci\u00f3n did\u00e1ctica del Teatro Infantil y Juvenil en la Educaci\u00f3n Primaria\u00bb<\/p>\n<p>El Teatro Alhambra nos ofrece una nueva funci\u00f3n teatral \u00abEL CIELO DE SEFARAD\u00bb dentro del Ciclo docentes<br \/>\nPincha <a href=\"https:\/\/www.juntadeandalucia.es\/cultura\/teatros\/teatro-alhambra\/el-cielo-de-sefarad\">aqu\u00ed<\/a> para m\u00e1s informaci\u00f3n.<\/p>\n<p>Tienen preferencia los estudiantes de 3.\u00ba de Did\u00e1ctica de la Literatura infantil y juvenil, Educaci\u00f3n Primaria<\/p>\n<p>CU\u00c1NDO: el pr\u00f3ximo d\u00eda 3 de marzo (viernes)<\/p>\n<p>A QU\u00c9 HORA: a las 11:00. Si bien habr\u00eda que contar con estar all\u00ed desde las 10:15 o 10:30 como muy tarde para el reparto de entradas.<\/p>\n<p>Env\u00edo toda la informaci\u00f3n sobre la obra en el <a href=\"https:\/\/forms.gle\/gZLbRhGVnV3sXz5RA\">formulario de inscripci\u00f3n<\/a>\u00a0(incluido v\u00eddeo y sinopsis)<\/p>\n<p>Tenemos 70 plazas para cubrir. Por tanto, es imprescindible que el alumnado se inscriba previamente con el compromiso firme de asistencia en el formulario habilitado para ello. De esta manera, tanto el teatro como la organizaci\u00f3n podemos hacernos una idea del n\u00famero de plazas que quedan cubiertas. Por supuesto, el profesorado tambi\u00e9n est\u00e1 incluido, no hace falta que rellen\u00e9is el formulario, pero s\u00ed que es conveniente que veng\u00e1is con vuestro alumnado a disfrutar de la obra.<\/p>\n<\/div>\n","protected":false},"excerpt":{"rendered":"<p>Dentro del Programa de Pr\u00e1cticas de Campo, tenemos el proyecto adscrito al dpto. y titulado: \u00abObservaci\u00f3n y evaluaci\u00f3n pr\u00e1ctica del discurso teatral para la implementaci\u00f3n did\u00e1ctica del Teatro Infantil y Juvenil en la Educaci\u00f3n Primaria\u00bb El Teatro Alhambra nos ofrece una nueva funci\u00f3n teatral \u00abEL CIELO DE SEFARAD\u00bb dentro del Ciclo docentes Pincha aqu\u00ed para [&hellip;]<\/p>\n","protected":false},"author":572,"featured_media":0,"comment_status":"open","ping_status":"closed","sticky":false,"template":"","format":"standard","meta":{"_genesis_hide_title":false,"_genesis_hide_breadcrumbs":false,"_genesis_hide_singular_image":false,"_genesis_hide_footer_widgets":false,"_genesis_custom_body_class":"","_genesis_custom_post_class":"","_genesis_layout":"","footnotes":""},"categories":[15,21],"tags":[22],"class_list":{"0":"post-819","1":"post","2":"type-post","3":"status-publish","4":"format-standard","6":"category-difusion","7":"category-experiencias-fuera-del-aula","8":"tag-teatro","9":"entry"},"_links":{"self":[{"href":"https:\/\/blogs.ugr.es\/inventate\/wp-json\/wp\/v2\/posts\/819","targetHints":{"allow":["GET"]}}],"collection":[{"href":"https:\/\/blogs.ugr.es\/inventate\/wp-json\/wp\/v2\/posts"}],"about":[{"href":"https:\/\/blogs.ugr.es\/inventate\/wp-json\/wp\/v2\/types\/post"}],"author":[{"embeddable":true,"href":"https:\/\/blogs.ugr.es\/inventate\/wp-json\/wp\/v2\/users\/572"}],"replies":[{"embeddable":true,"href":"https:\/\/blogs.ugr.es\/inventate\/wp-json\/wp\/v2\/comments?post=819"}],"version-history":[{"count":2,"href":"https:\/\/blogs.ugr.es\/inventate\/wp-json\/wp\/v2\/posts\/819\/revisions"}],"predecessor-version":[{"id":821,"href":"https:\/\/blogs.ugr.es\/inventate\/wp-json\/wp\/v2\/posts\/819\/revisions\/821"}],"wp:attachment":[{"href":"https:\/\/blogs.ugr.es\/inventate\/wp-json\/wp\/v2\/media?parent=819"}],"wp:term":[{"taxonomy":"category","embeddable":true,"href":"https:\/\/blogs.ugr.es\/inventate\/wp-json\/wp\/v2\/categories?post=819"},{"taxonomy":"post_tag","embeddable":true,"href":"https:\/\/blogs.ugr.es\/inventate\/wp-json\/wp\/v2\/tags?post=819"}],"curies":[{"name":"wp","href":"https:\/\/api.w.org\/{rel}","templated":true}]}}