{"id":250,"date":"2018-02-21T20:51:48","date_gmt":"2018-02-21T19:51:48","guid":{"rendered":"https:\/\/blogs.ugr.es\/javiergarcia\/?p=250"},"modified":"2018-02-21T21:26:03","modified_gmt":"2018-02-21T20:26:03","slug":"conferencia-en-institut-drets-humans-universitat-de-valencia","status":"publish","type":"post","link":"https:\/\/blogs.ugr.es\/javiergarcia\/conferencia-en-institut-drets-humans-universitat-de-valencia\/","title":{"rendered":"Conferencia en  Institut Drets Humans Universitat de Val\u00e8ncia"},"content":{"rendered":"<p>&nbsp;<\/p>\n<p>Autor: Javier Garc\u00eda Casta\u00f1o, Universidad de Granada; \u00c1ngeles Solanes Corella, Universidad de Valencia (moderadora). Fecha: 2017-07-02. Producci\u00f3n: Instituto Universitario de Derechos Humanos de la Universidad de Valencia (<a href=\"https:\/\/www.youtube.com\/watch?v=-8LQ0BVgfIg\">https:\/\/www.youtube.com\/watch?v=-8LQ0BVgfIg<\/a>). Resumen: \u00abLa trampa de la diversidad: Sobre igualdades y equidades en la escuela en la producci\u00f3n de diferencias\u00bb, Conferencia de clausura del III Congreso internacional MULTIHURI sobre derechos humanos, diversidad y convivencia, organizado por el Instituto de Derechos Humanos de la Universidad de Valencia, 1-2 de junio de 2017. Duraci\u00f3n: 51 min<\/p>\n","protected":false},"excerpt":{"rendered":"<p>&nbsp; Autor: Javier Garc\u00eda Casta\u00f1o, Universidad de Granada; \u00c1ngeles Solanes Corella, Universidad de Valencia (moderadora). Fecha: 2017-07-02. Producci\u00f3n: Instituto Universitario de Derechos Humanos de la Universidad de Valencia (https:\/\/www.youtube.com\/watch?v=-8LQ0BVgfIg). Resumen: \u00abLa trampa de la diversidad: Sobre igualdades y equidades en la escuela en la producci\u00f3n de diferencias\u00bb, Conferencia de clausura del III Congreso internacional MULTIHURI [&hellip;]<\/p>\n","protected":false},"author":20,"featured_media":0,"comment_status":"open","ping_status":"open","sticky":false,"template":"","format":"standard","meta":{"_genesis_hide_title":false,"_genesis_hide_breadcrumbs":false,"_genesis_hide_singular_image":false,"_genesis_hide_footer_widgets":false,"_genesis_custom_body_class":"","_genesis_custom_post_class":"","_genesis_layout":"","footnotes":""},"categories":[17,13,18],"tags":[19,20,16],"class_list":{"0":"post-250","1":"post","2":"type-post","3":"status-publish","4":"format-standard","6":"category-conferencia","7":"category-investigacion","8":"category-video","9":"tag-diversidad-cultural","10":"tag-escuela","11":"tag-migraciones","12":"entry"},"_links":{"self":[{"href":"https:\/\/blogs.ugr.es\/javiergarcia\/wp-json\/wp\/v2\/posts\/250","targetHints":{"allow":["GET"]}}],"collection":[{"href":"https:\/\/blogs.ugr.es\/javiergarcia\/wp-json\/wp\/v2\/posts"}],"about":[{"href":"https:\/\/blogs.ugr.es\/javiergarcia\/wp-json\/wp\/v2\/types\/post"}],"author":[{"embeddable":true,"href":"https:\/\/blogs.ugr.es\/javiergarcia\/wp-json\/wp\/v2\/users\/20"}],"replies":[{"embeddable":true,"href":"https:\/\/blogs.ugr.es\/javiergarcia\/wp-json\/wp\/v2\/comments?post=250"}],"version-history":[{"count":3,"href":"https:\/\/blogs.ugr.es\/javiergarcia\/wp-json\/wp\/v2\/posts\/250\/revisions"}],"predecessor-version":[{"id":253,"href":"https:\/\/blogs.ugr.es\/javiergarcia\/wp-json\/wp\/v2\/posts\/250\/revisions\/253"}],"wp:attachment":[{"href":"https:\/\/blogs.ugr.es\/javiergarcia\/wp-json\/wp\/v2\/media?parent=250"}],"wp:term":[{"taxonomy":"category","embeddable":true,"href":"https:\/\/blogs.ugr.es\/javiergarcia\/wp-json\/wp\/v2\/categories?post=250"},{"taxonomy":"post_tag","embeddable":true,"href":"https:\/\/blogs.ugr.es\/javiergarcia\/wp-json\/wp\/v2\/tags?post=250"}],"curies":[{"name":"wp","href":"https:\/\/api.w.org\/{rel}","templated":true}]}}