{"id":1102,"date":"2022-05-17T11:57:06","date_gmt":"2022-05-17T09:57:06","guid":{"rendered":"https:\/\/blogs.ugr.es\/memolab\/?p=1102"},"modified":"2022-05-19T11:57:45","modified_gmt":"2022-05-19T09:57:45","slug":"charla-aplicaciones-del-lidar-en-arqueologia","status":"publish","type":"post","link":"https:\/\/blogs.ugr.es\/memolab\/charla-aplicaciones-del-lidar-en-arqueologia\/","title":{"rendered":"Charla \u00abAplicaciones del LiDAR en Arqueolog\u00eda\u00bb"},"content":{"rendered":"<p><span class=\"d2edcug0 hpfvmrgz qv66sw1b c1et5uql lr9zc1uh a8c37x1j fe6kdd0r mau55g9w c8b282yb keod5gw0 nxhoafnm aigsh9s9 d3f4x2em iv3no6db gfeo3gy3 a3bd9o3v b1v8xokw oo9gr5id hzawbc8m\" dir=\"auto\">Ma\u00f1ana Jos\u00e9 Abell\u00e1n, Pablo Romero y Jorge Rouco presentan \u00abAplicaciones del LiDAR en Arqueolog\u00eda: detecci\u00f3n y an\u00e1lisis del territorio\u00bb para los alumnos de Obra Civil Amgr dentro del proyecto Dualiza LaCaixa \u00abLiDAR XXI\u00bb en el que colaboramos.<\/span><\/p>\n<p>&nbsp;<\/p>\n<p><img loading=\"lazy\" decoding=\"async\" class=\"aligncenter size-medium\" src=\"https:\/\/zenodo.org\/record\/6563185\/files\/17-05-22-Ave-Maria.JPG?download=1\" width=\"842\" height=\"470\" \/><\/p>\n<p>&nbsp;<\/p>\n","protected":false},"excerpt":{"rendered":"<p>Ma\u00f1ana Jos\u00e9 Abell\u00e1n, Pablo Romero y Jorge Rouco presentan \u00abAplicaciones del LiDAR en Arqueolog\u00eda: detecci\u00f3n y an\u00e1lisis del territorio\u00bb para los alumnos de Obra Civil Amgr dentro del proyecto Dualiza LaCaixa \u00abLiDAR XXI\u00bb en el que colaboramos. &nbsp; &nbsp;<\/p>\n","protected":false},"author":606,"featured_media":1103,"comment_status":"closed","ping_status":"closed","sticky":false,"template":"","format":"standard","meta":{"_genesis_hide_title":false,"_genesis_hide_breadcrumbs":false,"_genesis_hide_singular_image":false,"_genesis_hide_footer_widgets":false,"_genesis_custom_body_class":"","_genesis_custom_post_class":"","_genesis_layout":"","footnotes":""},"categories":[9],"tags":[],"class_list":{"0":"post-1102","1":"post","2":"type-post","3":"status-publish","4":"format-standard","5":"has-post-thumbnail","7":"category-eventos","8":"entry"},"_links":{"self":[{"href":"https:\/\/blogs.ugr.es\/memolab\/wp-json\/wp\/v2\/posts\/1102","targetHints":{"allow":["GET"]}}],"collection":[{"href":"https:\/\/blogs.ugr.es\/memolab\/wp-json\/wp\/v2\/posts"}],"about":[{"href":"https:\/\/blogs.ugr.es\/memolab\/wp-json\/wp\/v2\/types\/post"}],"author":[{"embeddable":true,"href":"https:\/\/blogs.ugr.es\/memolab\/wp-json\/wp\/v2\/users\/606"}],"replies":[{"embeddable":true,"href":"https:\/\/blogs.ugr.es\/memolab\/wp-json\/wp\/v2\/comments?post=1102"}],"version-history":[{"count":1,"href":"https:\/\/blogs.ugr.es\/memolab\/wp-json\/wp\/v2\/posts\/1102\/revisions"}],"predecessor-version":[{"id":1104,"href":"https:\/\/blogs.ugr.es\/memolab\/wp-json\/wp\/v2\/posts\/1102\/revisions\/1104"}],"wp:featuredmedia":[{"embeddable":true,"href":"https:\/\/blogs.ugr.es\/memolab\/wp-json\/wp\/v2\/media\/1103"}],"wp:attachment":[{"href":"https:\/\/blogs.ugr.es\/memolab\/wp-json\/wp\/v2\/media?parent=1102"}],"wp:term":[{"taxonomy":"category","embeddable":true,"href":"https:\/\/blogs.ugr.es\/memolab\/wp-json\/wp\/v2\/categories?post=1102"},{"taxonomy":"post_tag","embeddable":true,"href":"https:\/\/blogs.ugr.es\/memolab\/wp-json\/wp\/v2\/tags?post=1102"}],"curies":[{"name":"wp","href":"https:\/\/api.w.org\/{rel}","templated":true}]}}