{"id":1105,"date":"2022-05-19T12:12:00","date_gmt":"2022-05-19T10:12:00","guid":{"rendered":"https:\/\/blogs.ugr.es\/memolab\/?p=1105"},"modified":"2022-05-19T12:12:00","modified_gmt":"2022-05-19T10:12:00","slug":"cartografiado-acequias-portugos","status":"publish","type":"post","link":"https:\/\/blogs.ugr.es\/memolab\/cartografiado-acequias-portugos\/","title":{"rendered":"Cartografiado acequias P\u00f3rtugos"},"content":{"rendered":"<p>Ayer continuamos con los trabajos para la creaci\u00f3n de un sendero cultural por las acequias de P\u00f3rtugos, en la Alpujarra, cartografiando la futura ruta. Parte de nuestro trabajo en el proyecto H2020 INCULTUM<\/p>\n<p><img loading=\"lazy\" decoding=\"async\" class=\"aligncenter size-medium\" src=\"https:\/\/zenodo.org\/record\/6563185\/files\/19-05-22-acequia-portugos1.JPG?download=1\" width=\"6000\" height=\"4000\" \/><\/p>\n<p><img loading=\"lazy\" decoding=\"async\" class=\"aligncenter size-medium\" src=\"https:\/\/zenodo.org\/record\/6563185\/files\/19-05-22-acequia-portugos2.JPG?download=1\" width=\"6000\" height=\"4000\" \/><\/p>\n<p><img loading=\"lazy\" decoding=\"async\" class=\"aligncenter size-medium\" src=\"https:\/\/zenodo.org\/record\/6563185\/files\/19-05-22-acequia-portugos3.JPG?download=1\" width=\"6000\" height=\"4000\" \/><\/p>\n","protected":false},"excerpt":{"rendered":"<p>Ayer continuamos con los trabajos para la creaci\u00f3n de un sendero cultural por las acequias de P\u00f3rtugos, en la Alpujarra, cartografiando la futura ruta. Parte de nuestro trabajo en el proyecto H2020 INCULTUM<\/p>\n","protected":false},"author":606,"featured_media":0,"comment_status":"closed","ping_status":"closed","sticky":false,"template":"","format":"standard","meta":{"_genesis_hide_title":false,"_genesis_hide_breadcrumbs":false,"_genesis_hide_singular_image":false,"_genesis_hide_footer_widgets":false,"_genesis_custom_body_class":"","_genesis_custom_post_class":"","_genesis_layout":"","footnotes":""},"categories":[10],"tags":[],"class_list":{"0":"post-1105","1":"post","2":"type-post","3":"status-publish","4":"format-standard","6":"category-miscelanea","7":"entry"},"_links":{"self":[{"href":"https:\/\/blogs.ugr.es\/memolab\/wp-json\/wp\/v2\/posts\/1105","targetHints":{"allow":["GET"]}}],"collection":[{"href":"https:\/\/blogs.ugr.es\/memolab\/wp-json\/wp\/v2\/posts"}],"about":[{"href":"https:\/\/blogs.ugr.es\/memolab\/wp-json\/wp\/v2\/types\/post"}],"author":[{"embeddable":true,"href":"https:\/\/blogs.ugr.es\/memolab\/wp-json\/wp\/v2\/users\/606"}],"replies":[{"embeddable":true,"href":"https:\/\/blogs.ugr.es\/memolab\/wp-json\/wp\/v2\/comments?post=1105"}],"version-history":[{"count":1,"href":"https:\/\/blogs.ugr.es\/memolab\/wp-json\/wp\/v2\/posts\/1105\/revisions"}],"predecessor-version":[{"id":1106,"href":"https:\/\/blogs.ugr.es\/memolab\/wp-json\/wp\/v2\/posts\/1105\/revisions\/1106"}],"wp:attachment":[{"href":"https:\/\/blogs.ugr.es\/memolab\/wp-json\/wp\/v2\/media?parent=1105"}],"wp:term":[{"taxonomy":"category","embeddable":true,"href":"https:\/\/blogs.ugr.es\/memolab\/wp-json\/wp\/v2\/categories?post=1105"},{"taxonomy":"post_tag","embeddable":true,"href":"https:\/\/blogs.ugr.es\/memolab\/wp-json\/wp\/v2\/tags?post=1105"}],"curies":[{"name":"wp","href":"https:\/\/api.w.org\/{rel}","templated":true}]}}