{"id":1160,"date":"2022-06-08T14:37:36","date_gmt":"2022-06-08T12:37:36","guid":{"rendered":"https:\/\/blogs.ugr.es\/memolab\/?p=1160"},"modified":"2022-06-16T14:38:14","modified_gmt":"2022-06-16T12:38:14","slug":"seminario-fortificaciones-y-territorio","status":"publish","type":"post","link":"https:\/\/blogs.ugr.es\/memolab\/seminario-fortificaciones-y-territorio\/","title":{"rendered":"Seminario Fortificaciones y Territorio"},"content":{"rendered":"<p>Ma\u00f1ana jueves, d\u00eda 9, y pasado ma\u00f1ana viernes, d\u00eda 10, desde el MEMOLab participamos con varias ponencias en el seminario del Departamento de Historia Medieval y Ciencias y T\u00e9cnicas Historiogr\u00e1ficas: \u00abFortificaciones y territorio. 25 a\u00f1os despu\u00e9s\u00bb. Se celebrar\u00e1 en el Aula Magna de la Facultad de Filosof\u00eda y Letras<\/p>\n<p><img loading=\"lazy\" decoding=\"async\" class=\"aligncenter size-medium\" src=\"https:\/\/zenodo.org\/record\/6652090\/files\/06-06-22_fortificaciones_y_territorio_1.jpg?download=1\" width=\"1050\" height=\"784\" \/><\/p>\n<p><img loading=\"lazy\" decoding=\"async\" class=\"aligncenter size-medium\" src=\"https:\/\/zenodo.org\/record\/6652090\/files\/06-06-22_fortificaciones_y_territorio_2.jpg?download=1\" width=\"1211\" height=\"906\" \/><\/p>\n","protected":false},"excerpt":{"rendered":"<p>Ma\u00f1ana jueves, d\u00eda 9, y pasado ma\u00f1ana viernes, d\u00eda 10, desde el MEMOLab participamos con varias ponencias en el seminario del Departamento de Historia Medieval y Ciencias y T\u00e9cnicas Historiogr\u00e1ficas: \u00abFortificaciones y territorio. 25 a\u00f1os despu\u00e9s\u00bb. Se celebrar\u00e1 en el Aula Magna de la Facultad de Filosof\u00eda y Letras<\/p>\n","protected":false},"author":606,"featured_media":1161,"comment_status":"closed","ping_status":"closed","sticky":false,"template":"","format":"standard","meta":{"_genesis_hide_title":false,"_genesis_hide_breadcrumbs":false,"_genesis_hide_singular_image":false,"_genesis_hide_footer_widgets":false,"_genesis_custom_body_class":"","_genesis_custom_post_class":"","_genesis_layout":"","footnotes":""},"categories":[9],"tags":[],"class_list":{"0":"post-1160","1":"post","2":"type-post","3":"status-publish","4":"format-standard","5":"has-post-thumbnail","7":"category-eventos","8":"entry"},"_links":{"self":[{"href":"https:\/\/blogs.ugr.es\/memolab\/wp-json\/wp\/v2\/posts\/1160","targetHints":{"allow":["GET"]}}],"collection":[{"href":"https:\/\/blogs.ugr.es\/memolab\/wp-json\/wp\/v2\/posts"}],"about":[{"href":"https:\/\/blogs.ugr.es\/memolab\/wp-json\/wp\/v2\/types\/post"}],"author":[{"embeddable":true,"href":"https:\/\/blogs.ugr.es\/memolab\/wp-json\/wp\/v2\/users\/606"}],"replies":[{"embeddable":true,"href":"https:\/\/blogs.ugr.es\/memolab\/wp-json\/wp\/v2\/comments?post=1160"}],"version-history":[{"count":1,"href":"https:\/\/blogs.ugr.es\/memolab\/wp-json\/wp\/v2\/posts\/1160\/revisions"}],"predecessor-version":[{"id":1162,"href":"https:\/\/blogs.ugr.es\/memolab\/wp-json\/wp\/v2\/posts\/1160\/revisions\/1162"}],"wp:featuredmedia":[{"embeddable":true,"href":"https:\/\/blogs.ugr.es\/memolab\/wp-json\/wp\/v2\/media\/1161"}],"wp:attachment":[{"href":"https:\/\/blogs.ugr.es\/memolab\/wp-json\/wp\/v2\/media?parent=1160"}],"wp:term":[{"taxonomy":"category","embeddable":true,"href":"https:\/\/blogs.ugr.es\/memolab\/wp-json\/wp\/v2\/categories?post=1160"},{"taxonomy":"post_tag","embeddable":true,"href":"https:\/\/blogs.ugr.es\/memolab\/wp-json\/wp\/v2\/tags?post=1160"}],"curies":[{"name":"wp","href":"https:\/\/api.w.org\/{rel}","templated":true}]}}