{"id":1166,"date":"2022-06-14T14:46:06","date_gmt":"2022-06-14T12:46:06","guid":{"rendered":"https:\/\/blogs.ugr.es\/memolab\/?p=1166"},"modified":"2022-06-16T14:49:46","modified_gmt":"2022-06-16T12:49:46","slug":"v-jornadas-europeas-de-arqueologia","status":"publish","type":"post","link":"https:\/\/blogs.ugr.es\/memolab\/v-jornadas-europeas-de-arqueologia\/","title":{"rendered":"V Jornadas Europeas de Arqueolog\u00eda"},"content":{"rendered":"<p><span class=\"d2edcug0 hpfvmrgz qv66sw1b c1et5uql lr9zc1uh a8c37x1j fe6kdd0r mau55g9w c8b282yb keod5gw0 nxhoafnm aigsh9s9 d3f4x2em iv3no6db jq4qci2q a3bd9o3v b1v8xokw oo9gr5id hzawbc8m\" dir=\"auto\">El pr\u00f3ximo s\u00e1bado 18 a las 19 de la tarde, nuestro compa\u00f1ero Rocco Corselli har\u00e1 una visita guiada a la Alcazaba de Guadix dentro de las V Jornadas Europeas de Arqueolog\u00eda. La visita es gratuita, con reserva previa en &#x63;&#117;l&#x74;&#117;r&#x61;&#64;g&#x75;&#97;d&#x69;&#120;&#46;&#x65;&#x73; o el tel\u00e9fono 958 662 995<\/span><\/p>\n<p><img loading=\"lazy\" decoding=\"async\" class=\"aligncenter size-medium\" src=\"https:\/\/zenodo.org\/record\/6652090\/files\/15-06-22_Jornadas_Europeas_Arqueolog%C3%ADa.JPG?download=1\" width=\"614\" height=\"850\" \/><\/p>\n","protected":false},"excerpt":{"rendered":"<p>El pr\u00f3ximo s\u00e1bado 18 a las 19 de la tarde, nuestro compa\u00f1ero Rocco Corselli har\u00e1 una visita guiada a la Alcazaba de Guadix dentro de las V Jornadas Europeas de Arqueolog\u00eda. La visita es gratuita, con reserva previa en &#99;&#x75;&#x6c;&#116;&#x75;&#x72;&#97;&#x40;&#x67;&#117;&#x61;&#x64;&#105;&#x78;&#x2e;&#101;&#x73; o el tel\u00e9fono 958 662 995<\/p>\n","protected":false},"author":606,"featured_media":0,"comment_status":"closed","ping_status":"closed","sticky":false,"template":"","format":"standard","meta":{"_genesis_hide_title":false,"_genesis_hide_breadcrumbs":false,"_genesis_hide_singular_image":false,"_genesis_hide_footer_widgets":false,"_genesis_custom_body_class":"","_genesis_custom_post_class":"","_genesis_layout":"","footnotes":""},"categories":[9],"tags":[],"class_list":{"0":"post-1166","1":"post","2":"type-post","3":"status-publish","4":"format-standard","6":"category-eventos","7":"entry"},"_links":{"self":[{"href":"https:\/\/blogs.ugr.es\/memolab\/wp-json\/wp\/v2\/posts\/1166","targetHints":{"allow":["GET"]}}],"collection":[{"href":"https:\/\/blogs.ugr.es\/memolab\/wp-json\/wp\/v2\/posts"}],"about":[{"href":"https:\/\/blogs.ugr.es\/memolab\/wp-json\/wp\/v2\/types\/post"}],"author":[{"embeddable":true,"href":"https:\/\/blogs.ugr.es\/memolab\/wp-json\/wp\/v2\/users\/606"}],"replies":[{"embeddable":true,"href":"https:\/\/blogs.ugr.es\/memolab\/wp-json\/wp\/v2\/comments?post=1166"}],"version-history":[{"count":1,"href":"https:\/\/blogs.ugr.es\/memolab\/wp-json\/wp\/v2\/posts\/1166\/revisions"}],"predecessor-version":[{"id":1167,"href":"https:\/\/blogs.ugr.es\/memolab\/wp-json\/wp\/v2\/posts\/1166\/revisions\/1167"}],"wp:attachment":[{"href":"https:\/\/blogs.ugr.es\/memolab\/wp-json\/wp\/v2\/media?parent=1166"}],"wp:term":[{"taxonomy":"category","embeddable":true,"href":"https:\/\/blogs.ugr.es\/memolab\/wp-json\/wp\/v2\/categories?post=1166"},{"taxonomy":"post_tag","embeddable":true,"href":"https:\/\/blogs.ugr.es\/memolab\/wp-json\/wp\/v2\/tags?post=1166"}],"curies":[{"name":"wp","href":"https:\/\/api.w.org\/{rel}","templated":true}]}}