{"id":1435,"date":"2023-07-28T11:14:48","date_gmt":"2023-07-28T09:14:48","guid":{"rendered":"https:\/\/blogs.ugr.es\/memolab\/?p=1435"},"modified":"2023-09-07T11:54:18","modified_gmt":"2023-09-07T09:54:18","slug":"the-new-york-times-se-interesa-por-los-trabajos-de-recuperacion-de-acequias-del-memolab","status":"publish","type":"post","link":"https:\/\/blogs.ugr.es\/memolab\/the-new-york-times-se-interesa-por-los-trabajos-de-recuperacion-de-acequias-del-memolab\/","title":{"rendered":"The New York Times se interesa por los trabajos de recuperaci\u00f3n de acequias del MEMOLab"},"content":{"rendered":"<p>La limpieza de las acequias de Pitres y Ca\u00f1ar han sido de especial inter\u00e9s para el peri\u00f3dico The New Yor<img loading=\"lazy\" decoding=\"async\" class=\"size-medium wp-image-1436 alignright\" src=\"https:\/\/blogs.ugr.es\/memolab\/wp-content\/uploads\/sites\/41\/2023\/07\/WhatsApp-Image-2023-07-28-at-11.07.35-166x300.jpeg\" alt=\"\" width=\"166\" height=\"300\" srcset=\"https:\/\/blogs.ugr.es\/memolab\/wp-content\/uploads\/sites\/41\/2023\/07\/WhatsApp-Image-2023-07-28-at-11.07.35-166x300.jpeg 166w, https:\/\/blogs.ugr.es\/memolab\/wp-content\/uploads\/sites\/41\/2023\/07\/WhatsApp-Image-2023-07-28-at-11.07.35-387x700.jpeg 387w, https:\/\/blogs.ugr.es\/memolab\/wp-content\/uploads\/sites\/41\/2023\/07\/WhatsApp-Image-2023-07-28-at-11.07.35.jpeg 442w\" sizes=\"auto, (max-width: 166px) 100vw, 166px\" \/>k Times que ha publicado \u00abFacing a Future of Drought, Spain Turns to Medieval Solutions and \u2018Ancient Wisdom\u00bb, donde resalta la importancia de la recuperaci\u00f3n de las acequias hist\u00f3ricas para la poblaci\u00f3n y para el medioambiente ante las altas temperaturas y la falta de agua de \u00e9stos \u00faltimos tiempos.<\/p>\n<p>Os dejamos el enlace para que pod\u00e1is leer el art\u00edculo completo:\u00a0\u00a0<a href=\"https:\/\/www.nytimes.com\/2023\/07\/19\/world\/europe\/spain-drought-acequias.html\">https:\/\/www.nytimes.com\/2023\/07\/19\/world\/europe\/spain-drought-acequias.html<\/a><\/p>\n<p>&nbsp;<\/p>\n","protected":false},"excerpt":{"rendered":"<p>La limpieza de las acequias de Pitres y Ca\u00f1ar han sido de especial inter\u00e9s para el peri\u00f3dico The New York Times que ha publicado \u00abFacing a Future of Drought, Spain Turns to Medieval Solutions and \u2018Ancient Wisdom\u00bb, donde resalta la importancia de la recuperaci\u00f3n de las acequias hist\u00f3ricas para la poblaci\u00f3n y para el medioambiente [&hellip;]<\/p>\n","protected":false},"author":55,"featured_media":1436,"comment_status":"open","ping_status":"closed","sticky":false,"template":"","format":"standard","meta":{"_genesis_hide_title":false,"_genesis_hide_breadcrumbs":false,"_genesis_hide_singular_image":false,"_genesis_hide_footer_widgets":false,"_genesis_custom_body_class":"","_genesis_custom_post_class":"","_genesis_layout":"","footnotes":""},"categories":[12],"tags":[22],"class_list":{"0":"post-1435","1":"post","2":"type-post","3":"status-publish","4":"format-standard","5":"has-post-thumbnail","7":"category-publicaciones","8":"tag-medios-de-comunicacion","9":"entry"},"_links":{"self":[{"href":"https:\/\/blogs.ugr.es\/memolab\/wp-json\/wp\/v2\/posts\/1435","targetHints":{"allow":["GET"]}}],"collection":[{"href":"https:\/\/blogs.ugr.es\/memolab\/wp-json\/wp\/v2\/posts"}],"about":[{"href":"https:\/\/blogs.ugr.es\/memolab\/wp-json\/wp\/v2\/types\/post"}],"author":[{"embeddable":true,"href":"https:\/\/blogs.ugr.es\/memolab\/wp-json\/wp\/v2\/users\/55"}],"replies":[{"embeddable":true,"href":"https:\/\/blogs.ugr.es\/memolab\/wp-json\/wp\/v2\/comments?post=1435"}],"version-history":[{"count":2,"href":"https:\/\/blogs.ugr.es\/memolab\/wp-json\/wp\/v2\/posts\/1435\/revisions"}],"predecessor-version":[{"id":1438,"href":"https:\/\/blogs.ugr.es\/memolab\/wp-json\/wp\/v2\/posts\/1435\/revisions\/1438"}],"wp:featuredmedia":[{"embeddable":true,"href":"https:\/\/blogs.ugr.es\/memolab\/wp-json\/wp\/v2\/media\/1436"}],"wp:attachment":[{"href":"https:\/\/blogs.ugr.es\/memolab\/wp-json\/wp\/v2\/media?parent=1435"}],"wp:term":[{"taxonomy":"category","embeddable":true,"href":"https:\/\/blogs.ugr.es\/memolab\/wp-json\/wp\/v2\/categories?post=1435"},{"taxonomy":"post_tag","embeddable":true,"href":"https:\/\/blogs.ugr.es\/memolab\/wp-json\/wp\/v2\/tags?post=1435"}],"curies":[{"name":"wp","href":"https:\/\/api.w.org\/{rel}","templated":true}]}}