{"id":1599,"date":"2024-02-05T19:20:35","date_gmt":"2024-02-05T18:20:35","guid":{"rendered":"https:\/\/blogs.ugr.es\/memolab\/?p=1599"},"modified":"2024-02-05T19:20:35","modified_gmt":"2024-02-05T18:20:35","slug":"charla-el-agua-en-andalucia","status":"publish","type":"post","link":"https:\/\/blogs.ugr.es\/memolab\/charla-el-agua-en-andalucia\/","title":{"rendered":"Charla \u00abEl agua en Andaluc\u00eda\u00bb"},"content":{"rendered":"<p>El pasado lunes d\u00eda 29 de enero, nuestra compa\u00f1era Elena Correa imparti\u00f3 una formaci\u00f3n sobre el patrimonio del agua en Al-\u00c1ndalus en el CEIP Rafael Vidal de Fonelas. La charla ha formado parte de la Formaci\u00f3n Centros \u00abEl agua en Andaluc\u00eda\u00bb, organizadas desde el CEP de Guadix.<\/p>\n<hr \/>\n<p id=\"tw-target-text\" class=\"tw-data-text tw-text-large tw-ta\" dir=\"ltr\" data-placeholder=\"Traducci\u00f3n\" data-ved=\"2ahUKEwjt-evC55SEAxWWgv0HHbpaBp4Q3ewLegQIBRAU\"><span class=\"Y2IQFc\" lang=\"en\">Last Monday, January 29, our colleague Elena Correa gave a training on the water heritage in Al-Andalus at the Rafael Vidal CEIP in Fonelas. The talk was part of the Training Centers \u00abWater in Andalusia\u00bb, organized by the CEP of Guadix.<\/span><\/p>\n<p dir=\"ltr\" data-placeholder=\"Traducci\u00f3n\" data-ved=\"2ahUKEwjt-evC55SEAxWWgv0HHbpaBp4Q3ewLegQIBRAU\"><img loading=\"lazy\" decoding=\"async\" class=\"size-medium wp-image-1600 alignleft\" src=\"https:\/\/blogs.ugr.es\/memolab\/wp-content\/uploads\/sites\/41\/2024\/02\/WhatsApp-Image-2024-02-05-at-19.12.08-1-300x169.jpeg\" alt=\"\" width=\"300\" height=\"169\" srcset=\"https:\/\/blogs.ugr.es\/memolab\/wp-content\/uploads\/sites\/41\/2024\/02\/WhatsApp-Image-2024-02-05-at-19.12.08-1-300x169.jpeg 300w, https:\/\/blogs.ugr.es\/memolab\/wp-content\/uploads\/sites\/41\/2024\/02\/WhatsApp-Image-2024-02-05-at-19.12.08-1-700x394.jpeg 700w, https:\/\/blogs.ugr.es\/memolab\/wp-content\/uploads\/sites\/41\/2024\/02\/WhatsApp-Image-2024-02-05-at-19.12.08-1.jpeg 800w\" sizes=\"auto, (max-width: 300px) 100vw, 300px\" \/> <img loading=\"lazy\" decoding=\"async\" class=\"size-medium wp-image-1601 alignright\" src=\"https:\/\/blogs.ugr.es\/memolab\/wp-content\/uploads\/sites\/41\/2024\/02\/WhatsApp-Image-2024-02-05-at-19.12.08-300x169.jpeg\" alt=\"\" width=\"300\" height=\"169\" srcset=\"https:\/\/blogs.ugr.es\/memolab\/wp-content\/uploads\/sites\/41\/2024\/02\/WhatsApp-Image-2024-02-05-at-19.12.08-300x169.jpeg 300w, https:\/\/blogs.ugr.es\/memolab\/wp-content\/uploads\/sites\/41\/2024\/02\/WhatsApp-Image-2024-02-05-at-19.12.08-700x394.jpeg 700w, https:\/\/blogs.ugr.es\/memolab\/wp-content\/uploads\/sites\/41\/2024\/02\/WhatsApp-Image-2024-02-05-at-19.12.08.jpeg 800w\" sizes=\"auto, (max-width: 300px) 100vw, 300px\" \/><\/p>\n","protected":false},"excerpt":{"rendered":"<p>El pasado lunes d\u00eda 29 de enero, nuestra compa\u00f1era Elena Correa imparti\u00f3 una formaci\u00f3n sobre el patrimonio del agua en Al-\u00c1ndalus en el CEIP Rafael Vidal de Fonelas. La charla ha formado parte de la Formaci\u00f3n Centros \u00abEl agua en Andaluc\u00eda\u00bb, organizadas desde el CEP de Guadix. Last Monday, January 29, our colleague Elena Correa [&hellip;]<\/p>\n","protected":false},"author":55,"featured_media":0,"comment_status":"open","ping_status":"closed","sticky":false,"template":"","format":"standard","meta":{"_genesis_hide_title":false,"_genesis_hide_breadcrumbs":false,"_genesis_hide_singular_image":false,"_genesis_hide_footer_widgets":false,"_genesis_custom_body_class":"","_genesis_custom_post_class":"","_genesis_layout":"","footnotes":""},"categories":[8],"tags":[34,33],"class_list":{"0":"post-1599","1":"post","2":"type-post","3":"status-publish","4":"format-standard","6":"category-noticias","7":"tag-charlas-y-conferencias","8":"tag-congresos","9":"entry"},"_links":{"self":[{"href":"https:\/\/blogs.ugr.es\/memolab\/wp-json\/wp\/v2\/posts\/1599","targetHints":{"allow":["GET"]}}],"collection":[{"href":"https:\/\/blogs.ugr.es\/memolab\/wp-json\/wp\/v2\/posts"}],"about":[{"href":"https:\/\/blogs.ugr.es\/memolab\/wp-json\/wp\/v2\/types\/post"}],"author":[{"embeddable":true,"href":"https:\/\/blogs.ugr.es\/memolab\/wp-json\/wp\/v2\/users\/55"}],"replies":[{"embeddable":true,"href":"https:\/\/blogs.ugr.es\/memolab\/wp-json\/wp\/v2\/comments?post=1599"}],"version-history":[{"count":1,"href":"https:\/\/blogs.ugr.es\/memolab\/wp-json\/wp\/v2\/posts\/1599\/revisions"}],"predecessor-version":[{"id":1602,"href":"https:\/\/blogs.ugr.es\/memolab\/wp-json\/wp\/v2\/posts\/1599\/revisions\/1602"}],"wp:attachment":[{"href":"https:\/\/blogs.ugr.es\/memolab\/wp-json\/wp\/v2\/media?parent=1599"}],"wp:term":[{"taxonomy":"category","embeddable":true,"href":"https:\/\/blogs.ugr.es\/memolab\/wp-json\/wp\/v2\/categories?post=1599"},{"taxonomy":"post_tag","embeddable":true,"href":"https:\/\/blogs.ugr.es\/memolab\/wp-json\/wp\/v2\/tags?post=1599"}],"curies":[{"name":"wp","href":"https:\/\/api.w.org\/{rel}","templated":true}]}}