{"id":1666,"date":"2024-03-28T09:30:38","date_gmt":"2024-03-28T08:30:38","guid":{"rendered":"https:\/\/blogs.ugr.es\/memolab\/?p=1666"},"modified":"2024-03-28T09:30:38","modified_gmt":"2024-03-28T08:30:38","slug":"inscripcion-para-la-campana-arqueologica-en-huercal-la-vieja-huercal-overa-almeria","status":"publish","type":"post","link":"https:\/\/blogs.ugr.es\/memolab\/inscripcion-para-la-campana-arqueologica-en-huercal-la-vieja-huercal-overa-almeria\/","title":{"rendered":"Inscripci\u00f3n para la campa\u00f1a arqueol\u00f3gica en Hu\u00e9rcal La Vieja (Hu\u00e9rcal &#8211; Overa, Almer\u00eda)"},"content":{"rendered":"<p><img loading=\"lazy\" decoding=\"async\" class=\" wp-image-1667 alignright\" src=\"https:\/\/blogs.ugr.es\/memolab\/wp-content\/uploads\/sites\/41\/2024\/03\/WhatsApp-Image-2024-03-25-at-10.11.07-AM-300x212.jpeg\" alt=\"\" width=\"382\" height=\"270\" srcset=\"https:\/\/blogs.ugr.es\/memolab\/wp-content\/uploads\/sites\/41\/2024\/03\/WhatsApp-Image-2024-03-25-at-10.11.07-AM-300x212.jpeg 300w, https:\/\/blogs.ugr.es\/memolab\/wp-content\/uploads\/sites\/41\/2024\/03\/WhatsApp-Image-2024-03-25-at-10.11.07-AM-700x494.jpeg 700w, https:\/\/blogs.ugr.es\/memolab\/wp-content\/uploads\/sites\/41\/2024\/03\/WhatsApp-Image-2024-03-25-at-10.11.07-AM.jpeg 800w\" sizes=\"auto, (max-width: 382px) 100vw, 382px\" \/>Se abre el plazo de inscripci\u00f3n para participar en la nueva campa\u00f1a arqueol\u00f3gica en Hu\u00e9rcal La Vieja (Hu\u00e9rcal &#8211; Overa, Almer\u00eda) del 6 al 18 de mayo de 2024.<\/p>\n<p>Si est\u00e1s interesado en participar, m\u00e1ndanos tu CV a <a href=\"&#x6d;&#x61;&#x69;&#x6c;&#x74;&#x6f;&#x3a;&#x6d;&#x65;&#x6d;&#x6f;&#x6c;&#x61;&#x62;&#x40;&#x67;&#x6f;&#x2e;&#x75;&#x67;&#x72;&#x2e;&#x65;&#x73;\">m&#101;&#109;&#x6f;&#x6c;&#x61;&#x62;&#64;&#103;&#111;&#46;&#x75;&#x67;&#x72;&#46;e&#115;<\/a><\/p>\n<p>&#8212;&#8212;&#8212;&#8212;-<\/p>\n<p>The registration period is open to participate in the new archaeological campaign in Hu\u00e9rcal La Vieja (Hu\u00e9rcal &#8211; Overa, Almer\u00eda) from May 6 to 18, 2024.<\/p>\n<p>If you are interested in participating, send us your CV to <a href=\"&#x6d;&#x61;&#x69;&#x6c;&#x74;&#x6f;&#x3a;&#x6d;&#x65;&#x6d;&#x6f;&#108;&#97;&#98;&#64;&#103;&#111;&#46;ugr&#46;es\">m&#101;&#x6d;&#x6f;l&#97;&#x62;&#x40;g&#111;&#46;&#x75;&#x67;r&#46;&#x65;&#x73;<\/a><\/p>\n","protected":false},"excerpt":{"rendered":"<p>Se abre el plazo de inscripci\u00f3n para participar en la nueva campa\u00f1a arqueol\u00f3gica en Hu\u00e9rcal La Vieja (Hu\u00e9rcal &#8211; Overa, Almer\u00eda) del 6 al 18 de mayo de 2024. Si est\u00e1s interesado en participar, m\u00e1ndanos tu CV a &#x6d;&#x65;&#x6d;&#x6f;&#x6c;&#x61;&#x62;&#x40;&#x67;&#x6f;&#x2e;&#x75;&#x67;&#x72;&#x2e;&#x65;&#x73; &#8212;&#8212;&#8212;&#8212;- The registration period is open to participate in the new archaeological campaign in Hu\u00e9rcal La [&hellip;]<\/p>\n","protected":false},"author":55,"featured_media":0,"comment_status":"open","ping_status":"closed","sticky":false,"template":"","format":"standard","meta":{"_genesis_hide_title":false,"_genesis_hide_breadcrumbs":false,"_genesis_hide_singular_image":false,"_genesis_hide_footer_widgets":false,"_genesis_custom_body_class":"","_genesis_custom_post_class":"","_genesis_layout":"","footnotes":""},"categories":[9,8],"tags":[29],"class_list":{"0":"post-1666","1":"post","2":"type-post","3":"status-publish","4":"format-standard","6":"category-eventos","7":"category-noticias","8":"tag-excavaciones-arqueologicas","9":"entry"},"_links":{"self":[{"href":"https:\/\/blogs.ugr.es\/memolab\/wp-json\/wp\/v2\/posts\/1666","targetHints":{"allow":["GET"]}}],"collection":[{"href":"https:\/\/blogs.ugr.es\/memolab\/wp-json\/wp\/v2\/posts"}],"about":[{"href":"https:\/\/blogs.ugr.es\/memolab\/wp-json\/wp\/v2\/types\/post"}],"author":[{"embeddable":true,"href":"https:\/\/blogs.ugr.es\/memolab\/wp-json\/wp\/v2\/users\/55"}],"replies":[{"embeddable":true,"href":"https:\/\/blogs.ugr.es\/memolab\/wp-json\/wp\/v2\/comments?post=1666"}],"version-history":[{"count":3,"href":"https:\/\/blogs.ugr.es\/memolab\/wp-json\/wp\/v2\/posts\/1666\/revisions"}],"predecessor-version":[{"id":1670,"href":"https:\/\/blogs.ugr.es\/memolab\/wp-json\/wp\/v2\/posts\/1666\/revisions\/1670"}],"wp:attachment":[{"href":"https:\/\/blogs.ugr.es\/memolab\/wp-json\/wp\/v2\/media?parent=1666"}],"wp:term":[{"taxonomy":"category","embeddable":true,"href":"https:\/\/blogs.ugr.es\/memolab\/wp-json\/wp\/v2\/categories?post=1666"},{"taxonomy":"post_tag","embeddable":true,"href":"https:\/\/blogs.ugr.es\/memolab\/wp-json\/wp\/v2\/tags?post=1666"}],"curies":[{"name":"wp","href":"https:\/\/api.w.org\/{rel}","templated":true}]}}