{"id":1801,"date":"2024-10-16T17:30:46","date_gmt":"2024-10-16T15:30:46","guid":{"rendered":"https:\/\/blogs.ugr.es\/memolab\/?p=1801"},"modified":"2024-10-16T17:30:46","modified_gmt":"2024-10-16T15:30:46","slug":"ciclo-de-conferencias-la-investigacion-cientifica-en-torno-a-sierra-nevada","status":"publish","type":"post","link":"https:\/\/blogs.ugr.es\/memolab\/ciclo-de-conferencias-la-investigacion-cientifica-en-torno-a-sierra-nevada\/","title":{"rendered":"Ciclo de Conferencias \u00abLa investigaci\u00f3n cient\u00edfica en torno a Sierra Nevada\u00bb"},"content":{"rendered":"<p>Esta semana Jos\u00e9 M\u00aa Mart\u00edn Civantos ha participado en el Ciclo de Conferencias \u00abLa investigaci\u00f3n cient\u00edfica en torno a Sierra Nevada\u00bb con su ponencia \u00abLa antropizaci\u00f3n de Sierra Nevada: poblamiento, usos y paisaje de un territorio de monta\u00f1a desde la Prehistoria hasta la expulsi\u00f3n de los moriscos \u00ab.<\/p>\n<hr \/>\n<p>This week Jos\u00e9 M\u00aa Mart\u00edn Civantos has participated in the Conference Series \u00abScientific research around the Sierra Nevada\u00bb with his presentation \u00abThe anthropization of Sierra Nevada: settlement, uses and landscape of a mountain territory from Prehistory to the expulsion of the Moors.\u00bb<\/p>\n<p><img loading=\"lazy\" decoding=\"async\" class=\"size-medium wp-image-1802 aligncenter\" src=\"https:\/\/blogs.ugr.es\/memolab\/wp-content\/uploads\/sites\/41\/2024\/10\/WhatsApp-Image-2024-10-16-at-17.25.08-240x300.jpeg\" alt=\"\" width=\"240\" height=\"300\" srcset=\"https:\/\/blogs.ugr.es\/memolab\/wp-content\/uploads\/sites\/41\/2024\/10\/WhatsApp-Image-2024-10-16-at-17.25.08-240x300.jpeg 240w, https:\/\/blogs.ugr.es\/memolab\/wp-content\/uploads\/sites\/41\/2024\/10\/WhatsApp-Image-2024-10-16-at-17.25.08-560x700.jpeg 560w, https:\/\/blogs.ugr.es\/memolab\/wp-content\/uploads\/sites\/41\/2024\/10\/WhatsApp-Image-2024-10-16-at-17.25.08.jpeg 640w\" sizes=\"auto, (max-width: 240px) 100vw, 240px\" \/><\/p>\n","protected":false},"excerpt":{"rendered":"<p>Esta semana Jos\u00e9 M\u00aa Mart\u00edn Civantos ha participado en el Ciclo de Conferencias \u00abLa investigaci\u00f3n cient\u00edfica en torno a Sierra Nevada\u00bb con su ponencia \u00abLa antropizaci\u00f3n de Sierra Nevada: poblamiento, usos y paisaje de un territorio de monta\u00f1a desde la Prehistoria hasta la expulsi\u00f3n de los moriscos \u00ab. This week Jos\u00e9 M\u00aa Mart\u00edn Civantos has [&hellip;]<\/p>\n","protected":false},"author":55,"featured_media":0,"comment_status":"open","ping_status":"closed","sticky":false,"template":"","format":"standard","meta":{"_genesis_hide_title":false,"_genesis_hide_breadcrumbs":false,"_genesis_hide_singular_image":false,"_genesis_hide_footer_widgets":false,"_genesis_custom_body_class":"","_genesis_custom_post_class":"","_genesis_layout":"","footnotes":""},"categories":[9],"tags":[34,33],"class_list":{"0":"post-1801","1":"post","2":"type-post","3":"status-publish","4":"format-standard","6":"category-eventos","7":"tag-charlas-y-conferencias","8":"tag-congresos","9":"entry"},"_links":{"self":[{"href":"https:\/\/blogs.ugr.es\/memolab\/wp-json\/wp\/v2\/posts\/1801","targetHints":{"allow":["GET"]}}],"collection":[{"href":"https:\/\/blogs.ugr.es\/memolab\/wp-json\/wp\/v2\/posts"}],"about":[{"href":"https:\/\/blogs.ugr.es\/memolab\/wp-json\/wp\/v2\/types\/post"}],"author":[{"embeddable":true,"href":"https:\/\/blogs.ugr.es\/memolab\/wp-json\/wp\/v2\/users\/55"}],"replies":[{"embeddable":true,"href":"https:\/\/blogs.ugr.es\/memolab\/wp-json\/wp\/v2\/comments?post=1801"}],"version-history":[{"count":2,"href":"https:\/\/blogs.ugr.es\/memolab\/wp-json\/wp\/v2\/posts\/1801\/revisions"}],"predecessor-version":[{"id":1804,"href":"https:\/\/blogs.ugr.es\/memolab\/wp-json\/wp\/v2\/posts\/1801\/revisions\/1804"}],"wp:attachment":[{"href":"https:\/\/blogs.ugr.es\/memolab\/wp-json\/wp\/v2\/media?parent=1801"}],"wp:term":[{"taxonomy":"category","embeddable":true,"href":"https:\/\/blogs.ugr.es\/memolab\/wp-json\/wp\/v2\/categories?post=1801"},{"taxonomy":"post_tag","embeddable":true,"href":"https:\/\/blogs.ugr.es\/memolab\/wp-json\/wp\/v2\/tags?post=1801"}],"curies":[{"name":"wp","href":"https:\/\/api.w.org\/{rel}","templated":true}]}}