{"id":1829,"date":"2024-11-06T20:43:30","date_gmt":"2024-11-06T19:43:30","guid":{"rendered":"https:\/\/blogs.ugr.es\/memolab\/?p=1829"},"modified":"2024-11-06T20:43:30","modified_gmt":"2024-11-06T19:43:30","slug":"jose-ma-martin-participa-en-el-18-entretiens-de-bibracte-morvan-celebrado-en-francia","status":"publish","type":"post","link":"https:\/\/blogs.ugr.es\/memolab\/jose-ma-martin-participa-en-el-18-entretiens-de-bibracte-morvan-celebrado-en-francia\/","title":{"rendered":"Jos\u00e9 M\u00aa Mart\u00edn participa en el 18 Entretiens de Bibracte-Morvan celebrado en Francia"},"content":{"rendered":"<p>La semana pasada, Jos\u00e9 M\u00aa Mart\u00edn, particip\u00f3 en el 18 Entretiens de Bibracte-Morvan: L&#8217;eau dans tous ses \u00e9tats con su ponencia \u00abLe syst\u00eame d&#8217;irrigation m\u00e9di\u00e9val de L&#8217;Altiplano de Grenade (Andalousie): r\u00e9activation d&#8217;un bien commun\u00bb.<\/p>\n<hr \/>\n<p>Last week, Jos\u00e9 M\u00aa Mart\u00edn, participated in the 18th Entretiens de Bibracte-Morvan: L&#8217;eau dans tous ses \u00e9tats with his presentation \u00abLe syst\u00eame d&#8217;irrigation m\u00e9di\u00e9val de L&#8217;Altiplano de Grenade (Andalousie): r\u00e9activation d&#8217;un bien commun\u00bb.<\/p>\n<p><img loading=\"lazy\" decoding=\"async\" class=\" wp-image-1830 alignright\" src=\"https:\/\/blogs.ugr.es\/memolab\/wp-content\/uploads\/sites\/41\/2024\/11\/WhatsApp-Image-2024-11-06-at-20.39.53-1-300x225.jpeg\" alt=\"\" width=\"317\" height=\"238\" srcset=\"https:\/\/blogs.ugr.es\/memolab\/wp-content\/uploads\/sites\/41\/2024\/11\/WhatsApp-Image-2024-11-06-at-20.39.53-1-300x225.jpeg 300w, https:\/\/blogs.ugr.es\/memolab\/wp-content\/uploads\/sites\/41\/2024\/11\/WhatsApp-Image-2024-11-06-at-20.39.53-1-700x525.jpeg 700w, https:\/\/blogs.ugr.es\/memolab\/wp-content\/uploads\/sites\/41\/2024\/11\/WhatsApp-Image-2024-11-06-at-20.39.53-1.jpeg 800w\" sizes=\"auto, (max-width: 317px) 100vw, 317px\" \/> <img loading=\"lazy\" decoding=\"async\" class=\" wp-image-1831 alignleft\" src=\"https:\/\/blogs.ugr.es\/memolab\/wp-content\/uploads\/sites\/41\/2024\/11\/WhatsApp-Image-2024-11-06-at-20.39.53-300x225.jpeg\" alt=\"\" width=\"315\" height=\"236\" srcset=\"https:\/\/blogs.ugr.es\/memolab\/wp-content\/uploads\/sites\/41\/2024\/11\/WhatsApp-Image-2024-11-06-at-20.39.53-300x225.jpeg 300w, https:\/\/blogs.ugr.es\/memolab\/wp-content\/uploads\/sites\/41\/2024\/11\/WhatsApp-Image-2024-11-06-at-20.39.53-700x525.jpeg 700w, https:\/\/blogs.ugr.es\/memolab\/wp-content\/uploads\/sites\/41\/2024\/11\/WhatsApp-Image-2024-11-06-at-20.39.53.jpeg 800w\" sizes=\"auto, (max-width: 315px) 100vw, 315px\" \/><\/p>\n","protected":false},"excerpt":{"rendered":"<p>La semana pasada, Jos\u00e9 M\u00aa Mart\u00edn, particip\u00f3 en el 18 Entretiens de Bibracte-Morvan: L&#8217;eau dans tous ses \u00e9tats con su ponencia \u00abLe syst\u00eame d&#8217;irrigation m\u00e9di\u00e9val de L&#8217;Altiplano de Grenade (Andalousie): r\u00e9activation d&#8217;un bien commun\u00bb. Last week, Jos\u00e9 M\u00aa Mart\u00edn, participated in the 18th Entretiens de Bibracte-Morvan: L&#8217;eau dans tous ses \u00e9tats with his presentation \u00abLe [&hellip;]<\/p>\n","protected":false},"author":55,"featured_media":0,"comment_status":"open","ping_status":"closed","sticky":false,"template":"","format":"standard","meta":{"_genesis_hide_title":false,"_genesis_hide_breadcrumbs":false,"_genesis_hide_singular_image":false,"_genesis_hide_footer_widgets":false,"_genesis_custom_body_class":"","_genesis_custom_post_class":"","_genesis_layout":"","footnotes":""},"categories":[8],"tags":[34,33],"class_list":{"0":"post-1829","1":"post","2":"type-post","3":"status-publish","4":"format-standard","6":"category-noticias","7":"tag-charlas-y-conferencias","8":"tag-congresos","9":"entry"},"_links":{"self":[{"href":"https:\/\/blogs.ugr.es\/memolab\/wp-json\/wp\/v2\/posts\/1829","targetHints":{"allow":["GET"]}}],"collection":[{"href":"https:\/\/blogs.ugr.es\/memolab\/wp-json\/wp\/v2\/posts"}],"about":[{"href":"https:\/\/blogs.ugr.es\/memolab\/wp-json\/wp\/v2\/types\/post"}],"author":[{"embeddable":true,"href":"https:\/\/blogs.ugr.es\/memolab\/wp-json\/wp\/v2\/users\/55"}],"replies":[{"embeddable":true,"href":"https:\/\/blogs.ugr.es\/memolab\/wp-json\/wp\/v2\/comments?post=1829"}],"version-history":[{"count":3,"href":"https:\/\/blogs.ugr.es\/memolab\/wp-json\/wp\/v2\/posts\/1829\/revisions"}],"predecessor-version":[{"id":1836,"href":"https:\/\/blogs.ugr.es\/memolab\/wp-json\/wp\/v2\/posts\/1829\/revisions\/1836"}],"wp:attachment":[{"href":"https:\/\/blogs.ugr.es\/memolab\/wp-json\/wp\/v2\/media?parent=1829"}],"wp:term":[{"taxonomy":"category","embeddable":true,"href":"https:\/\/blogs.ugr.es\/memolab\/wp-json\/wp\/v2\/categories?post=1829"},{"taxonomy":"post_tag","embeddable":true,"href":"https:\/\/blogs.ugr.es\/memolab\/wp-json\/wp\/v2\/tags?post=1829"}],"curies":[{"name":"wp","href":"https:\/\/api.w.org\/{rel}","templated":true}]}}