{"id":1837,"date":"2024-11-06T20:48:15","date_gmt":"2024-11-06T19:48:15","guid":{"rendered":"https:\/\/blogs.ugr.es\/memolab\/?p=1837"},"modified":"2024-11-06T20:48:15","modified_gmt":"2024-11-06T19:48:15","slug":"nuestro-equipo-participa-en-las-jornadas-forestales-una-mirada-desde-la-ciencia-y-la-fotografia","status":"publish","type":"post","link":"https:\/\/blogs.ugr.es\/memolab\/nuestro-equipo-participa-en-las-jornadas-forestales-una-mirada-desde-la-ciencia-y-la-fotografia\/","title":{"rendered":"Nuestro equipo participa en las Jornadas Forestales: Una mirada desde la ciencia y la fotograf\u00eda"},"content":{"rendered":"<p>El d\u00eda 26 de octubre se celebraron las Jornadas Forestales: Una mirada desde la ciencia y la fotograf\u00eda, organizadas por el Proyecto Revierte junto al Ayuntamiento de Castril.<\/p>\n<hr \/>\n<p>On October 26, the Forestry Conference was held: A look from science and photography, organized by the Revierte Project together with the Castril City Council.<\/p>\n<p><img loading=\"lazy\" decoding=\"async\" class=\" wp-image-1838 aligncenter\" src=\"https:\/\/blogs.ugr.es\/memolab\/wp-content\/uploads\/sites\/41\/2024\/11\/WhatsApp-Image-2024-11-06-at-20.45.13-181x300.jpeg\" alt=\"\" width=\"240\" height=\"398\" srcset=\"https:\/\/blogs.ugr.es\/memolab\/wp-content\/uploads\/sites\/41\/2024\/11\/WhatsApp-Image-2024-11-06-at-20.45.13-181x300.jpeg 181w, https:\/\/blogs.ugr.es\/memolab\/wp-content\/uploads\/sites\/41\/2024\/11\/WhatsApp-Image-2024-11-06-at-20.45.13-422x700.jpeg 422w, https:\/\/blogs.ugr.es\/memolab\/wp-content\/uploads\/sites\/41\/2024\/11\/WhatsApp-Image-2024-11-06-at-20.45.13.jpeg 482w\" sizes=\"auto, (max-width: 240px) 100vw, 240px\" \/><\/p>\n","protected":false},"excerpt":{"rendered":"<p>El d\u00eda 26 de octubre se celebraron las Jornadas Forestales: Una mirada desde la ciencia y la fotograf\u00eda, organizadas por el Proyecto Revierte junto al Ayuntamiento de Castril. On October 26, the Forestry Conference was held: A look from science and photography, organized by the Revierte Project together with the Castril City Council.<\/p>\n","protected":false},"author":55,"featured_media":0,"comment_status":"open","ping_status":"closed","sticky":false,"template":"","format":"standard","meta":{"_genesis_hide_title":false,"_genesis_hide_breadcrumbs":false,"_genesis_hide_singular_image":false,"_genesis_hide_footer_widgets":false,"_genesis_custom_body_class":"","_genesis_custom_post_class":"","_genesis_layout":"","footnotes":""},"categories":[8],"tags":[34,33],"class_list":{"0":"post-1837","1":"post","2":"type-post","3":"status-publish","4":"format-standard","6":"category-noticias","7":"tag-charlas-y-conferencias","8":"tag-congresos","9":"entry"},"_links":{"self":[{"href":"https:\/\/blogs.ugr.es\/memolab\/wp-json\/wp\/v2\/posts\/1837","targetHints":{"allow":["GET"]}}],"collection":[{"href":"https:\/\/blogs.ugr.es\/memolab\/wp-json\/wp\/v2\/posts"}],"about":[{"href":"https:\/\/blogs.ugr.es\/memolab\/wp-json\/wp\/v2\/types\/post"}],"author":[{"embeddable":true,"href":"https:\/\/blogs.ugr.es\/memolab\/wp-json\/wp\/v2\/users\/55"}],"replies":[{"embeddable":true,"href":"https:\/\/blogs.ugr.es\/memolab\/wp-json\/wp\/v2\/comments?post=1837"}],"version-history":[{"count":1,"href":"https:\/\/blogs.ugr.es\/memolab\/wp-json\/wp\/v2\/posts\/1837\/revisions"}],"predecessor-version":[{"id":1839,"href":"https:\/\/blogs.ugr.es\/memolab\/wp-json\/wp\/v2\/posts\/1837\/revisions\/1839"}],"wp:attachment":[{"href":"https:\/\/blogs.ugr.es\/memolab\/wp-json\/wp\/v2\/media?parent=1837"}],"wp:term":[{"taxonomy":"category","embeddable":true,"href":"https:\/\/blogs.ugr.es\/memolab\/wp-json\/wp\/v2\/categories?post=1837"},{"taxonomy":"post_tag","embeddable":true,"href":"https:\/\/blogs.ugr.es\/memolab\/wp-json\/wp\/v2\/tags?post=1837"}],"curies":[{"name":"wp","href":"https:\/\/api.w.org\/{rel}","templated":true}]}}