{"id":1840,"date":"2024-11-06T20:54:20","date_gmt":"2024-11-06T19:54:20","guid":{"rendered":"https:\/\/blogs.ugr.es\/memolab\/?p=1840"},"modified":"2024-11-06T20:54:20","modified_gmt":"2024-11-06T19:54:20","slug":"elena-correa-y-celia-lopez-participan-en-el-itinerario-formativo-monachil-y-el-espacio-natural-de-sierra-nevada","status":"publish","type":"post","link":"https:\/\/blogs.ugr.es\/memolab\/elena-correa-y-celia-lopez-participan-en-el-itinerario-formativo-monachil-y-el-espacio-natural-de-sierra-nevada\/","title":{"rendered":"Elena Correa y Celia L\u00f3pez participan en el Itinerario Formativo \u00abMonachil y el espacio natural de Sierra Nevada\u00bb"},"content":{"rendered":"<p>Nuestras compa\u00f1eras Elena Correa y Celia L\u00f3pez, han formado parte del Itinerario Formativo \u00abMonachil y el espacio natural de Sierra Nevada\u00bb, en el que mediante una charla te\u00f3rica, complementada con una ruta por la Acequia de Alc\u00e1zar, han podido transmitirle a los asistentes una perspectiva m\u00e1s etnogr\u00e1fica de este patrimonio natural.<\/p>\n<p>Si t\u00fa tambi\u00e9n quieres realizar la ruta por esta acequia, os dejamos el enlace a la p\u00e1gina de regad\u00edos hist\u00f3ricos, donde podr\u00e1s encontrar la ruta y m\u00e1s informaci\u00f3n sobre la misma: <a href=\"https:\/\/regadiohistorico.es\/rutas\/jerez\">https:\/\/regadiohistorico.es\/rutas\/jerez<\/a><br \/>\n_________<\/p>\n<p>Our colleagues Elena Correa and Celia L\u00f3pez, have been part of the Training Itinerary \u00abMonachil and the natural space of Sierra Nevada\u00bb, in which through a theoretical talk, complemented with a route through the Acequia de Alc\u00e1zar, they have been able to transmit to the attendees a more ethnographic perspective of this natural heritage.<\/p>\n<p>If you also want to take the route through this irrigation channel, we leave you the link to the page of historical irrigations, where you can find the route and more information about it:<a href=\"https:\/\/regadiohistorico.es\/rutas\/jerez\"> https:\/\/regadiohistorico.es\/rutas\/jerez<\/a><\/p>\n<p><img loading=\"lazy\" decoding=\"async\" class=\"size-medium wp-image-1845 alignleft\" src=\"https:\/\/blogs.ugr.es\/memolab\/wp-content\/uploads\/sites\/41\/2024\/11\/WhatsApp-Image-2024-11-06-at-20.49.19-300x225.jpeg\" alt=\"\" width=\"300\" height=\"225\" srcset=\"https:\/\/blogs.ugr.es\/memolab\/wp-content\/uploads\/sites\/41\/2024\/11\/WhatsApp-Image-2024-11-06-at-20.49.19-300x225.jpeg 300w, https:\/\/blogs.ugr.es\/memolab\/wp-content\/uploads\/sites\/41\/2024\/11\/WhatsApp-Image-2024-11-06-at-20.49.19-700x525.jpeg 700w, https:\/\/blogs.ugr.es\/memolab\/wp-content\/uploads\/sites\/41\/2024\/11\/WhatsApp-Image-2024-11-06-at-20.49.19.jpeg 800w\" sizes=\"auto, (max-width: 300px) 100vw, 300px\" \/> <img loading=\"lazy\" decoding=\"async\" class=\"size-medium wp-image-1844 alignright\" src=\"https:\/\/blogs.ugr.es\/memolab\/wp-content\/uploads\/sites\/41\/2024\/11\/WhatsApp-Image-2024-11-06-at-20.49.19-1-300x225.jpeg\" alt=\"\" width=\"300\" height=\"225\" srcset=\"https:\/\/blogs.ugr.es\/memolab\/wp-content\/uploads\/sites\/41\/2024\/11\/WhatsApp-Image-2024-11-06-at-20.49.19-1-300x225.jpeg 300w, https:\/\/blogs.ugr.es\/memolab\/wp-content\/uploads\/sites\/41\/2024\/11\/WhatsApp-Image-2024-11-06-at-20.49.19-1-700x525.jpeg 700w, https:\/\/blogs.ugr.es\/memolab\/wp-content\/uploads\/sites\/41\/2024\/11\/WhatsApp-Image-2024-11-06-at-20.49.19-1.jpeg 800w\" sizes=\"auto, (max-width: 300px) 100vw, 300px\" \/> <img loading=\"lazy\" decoding=\"async\" class=\"size-medium wp-image-1843 alignleft\" src=\"https:\/\/blogs.ugr.es\/memolab\/wp-content\/uploads\/sites\/41\/2024\/11\/WhatsApp-Image-2024-11-06-at-20.49.19-2-300x225.jpeg\" alt=\"\" width=\"300\" height=\"225\" srcset=\"https:\/\/blogs.ugr.es\/memolab\/wp-content\/uploads\/sites\/41\/2024\/11\/WhatsApp-Image-2024-11-06-at-20.49.19-2-300x225.jpeg 300w, https:\/\/blogs.ugr.es\/memolab\/wp-content\/uploads\/sites\/41\/2024\/11\/WhatsApp-Image-2024-11-06-at-20.49.19-2-700x525.jpeg 700w, https:\/\/blogs.ugr.es\/memolab\/wp-content\/uploads\/sites\/41\/2024\/11\/WhatsApp-Image-2024-11-06-at-20.49.19-2.jpeg 800w\" sizes=\"auto, (max-width: 300px) 100vw, 300px\" \/> <img loading=\"lazy\" decoding=\"async\" class=\"size-medium wp-image-1842 alignright\" src=\"https:\/\/blogs.ugr.es\/memolab\/wp-content\/uploads\/sites\/41\/2024\/11\/WhatsApp-Image-2024-11-06-at-20.49.20-300x225.jpeg\" alt=\"\" width=\"300\" height=\"225\" srcset=\"https:\/\/blogs.ugr.es\/memolab\/wp-content\/uploads\/sites\/41\/2024\/11\/WhatsApp-Image-2024-11-06-at-20.49.20-300x225.jpeg 300w, https:\/\/blogs.ugr.es\/memolab\/wp-content\/uploads\/sites\/41\/2024\/11\/WhatsApp-Image-2024-11-06-at-20.49.20-700x525.jpeg 700w, https:\/\/blogs.ugr.es\/memolab\/wp-content\/uploads\/sites\/41\/2024\/11\/WhatsApp-Image-2024-11-06-at-20.49.20.jpeg 800w\" sizes=\"auto, (max-width: 300px) 100vw, 300px\" \/><\/p>\n","protected":false},"excerpt":{"rendered":"<p>Nuestras compa\u00f1eras Elena Correa y Celia L\u00f3pez, han formado parte del Itinerario Formativo \u00abMonachil y el espacio natural de Sierra Nevada\u00bb, en el que mediante una charla te\u00f3rica, complementada con una ruta por la Acequia de Alc\u00e1zar, han podido transmitirle a los asistentes una perspectiva m\u00e1s etnogr\u00e1fica de este patrimonio natural. Si t\u00fa tambi\u00e9n quieres [&hellip;]<\/p>\n","protected":false},"author":55,"featured_media":0,"comment_status":"open","ping_status":"closed","sticky":false,"template":"","format":"standard","meta":{"_genesis_hide_title":false,"_genesis_hide_breadcrumbs":false,"_genesis_hide_singular_image":false,"_genesis_hide_footer_widgets":false,"_genesis_custom_body_class":"","_genesis_custom_post_class":"","_genesis_layout":"","footnotes":""},"categories":[8],"tags":[27,34,33],"class_list":{"0":"post-1840","1":"post","2":"type-post","3":"status-publish","4":"format-standard","6":"category-noticias","7":"tag-limpieza-de-acequias","8":"tag-charlas-y-conferencias","9":"tag-congresos","10":"entry"},"_links":{"self":[{"href":"https:\/\/blogs.ugr.es\/memolab\/wp-json\/wp\/v2\/posts\/1840","targetHints":{"allow":["GET"]}}],"collection":[{"href":"https:\/\/blogs.ugr.es\/memolab\/wp-json\/wp\/v2\/posts"}],"about":[{"href":"https:\/\/blogs.ugr.es\/memolab\/wp-json\/wp\/v2\/types\/post"}],"author":[{"embeddable":true,"href":"https:\/\/blogs.ugr.es\/memolab\/wp-json\/wp\/v2\/users\/55"}],"replies":[{"embeddable":true,"href":"https:\/\/blogs.ugr.es\/memolab\/wp-json\/wp\/v2\/comments?post=1840"}],"version-history":[{"count":2,"href":"https:\/\/blogs.ugr.es\/memolab\/wp-json\/wp\/v2\/posts\/1840\/revisions"}],"predecessor-version":[{"id":1846,"href":"https:\/\/blogs.ugr.es\/memolab\/wp-json\/wp\/v2\/posts\/1840\/revisions\/1846"}],"wp:attachment":[{"href":"https:\/\/blogs.ugr.es\/memolab\/wp-json\/wp\/v2\/media?parent=1840"}],"wp:term":[{"taxonomy":"category","embeddable":true,"href":"https:\/\/blogs.ugr.es\/memolab\/wp-json\/wp\/v2\/categories?post=1840"},{"taxonomy":"post_tag","embeddable":true,"href":"https:\/\/blogs.ugr.es\/memolab\/wp-json\/wp\/v2\/tags?post=1840"}],"curies":[{"name":"wp","href":"https:\/\/api.w.org\/{rel}","templated":true}]}}