{"id":1924,"date":"2024-12-21T11:38:38","date_gmt":"2024-12-21T10:38:38","guid":{"rendered":"https:\/\/blogs.ugr.es\/memolab\/?p=1924"},"modified":"2025-01-23T11:40:38","modified_gmt":"2025-01-23T10:40:38","slug":"jose-ma-martin-participa-en-el-taller-are-we-planning-for-acequia-day-zero","status":"publish","type":"post","link":"https:\/\/blogs.ugr.es\/memolab\/jose-ma-martin-participa-en-el-taller-are-we-planning-for-acequia-day-zero\/","title":{"rendered":"Jos\u00e9 M\u00aa Mart\u00edn participa en el taller \u00abAre we planning for acequia day zero?"},"content":{"rendered":"<p>Hoy, nuestro compa\u00f1ero Jos\u00e9 M\u00aa Mart\u00edn Civantos, participa en el taller \u00abAre we planning for acequia day zero? El futuro del agua en la Alpujarra: un taller comunitario de media jornada\u00bb que se est\u00e1 llevando a cabo en \u00d3rgiva.<\/p>\n<hr \/>\n<p>Today, our colleague Jos\u00e9 M\u00aa Mart\u00edn Civantos, participates in the workshop \u00abAre we planning for acequia day zero? The future of water in the Alpujarra: a half-day community workshop\u00bb that is being carried out in \u00d3rgiva.<\/p>\n<p><img loading=\"lazy\" decoding=\"async\" class=\"aligncenter  wp-image-1925\" src=\"https:\/\/blogs.ugr.es\/memolab\/wp-content\/uploads\/sites\/41\/2025\/01\/WhatsApp-Image-2025-01-23-at-11.38.30-188x300.jpeg\" alt=\"\" width=\"229\" height=\"365\" srcset=\"https:\/\/blogs.ugr.es\/memolab\/wp-content\/uploads\/sites\/41\/2025\/01\/WhatsApp-Image-2025-01-23-at-11.38.30-188x300.jpeg 188w, https:\/\/blogs.ugr.es\/memolab\/wp-content\/uploads\/sites\/41\/2025\/01\/WhatsApp-Image-2025-01-23-at-11.38.30-439x700.jpeg 439w, https:\/\/blogs.ugr.es\/memolab\/wp-content\/uploads\/sites\/41\/2025\/01\/WhatsApp-Image-2025-01-23-at-11.38.30.jpeg 502w\" sizes=\"auto, (max-width: 229px) 100vw, 229px\" \/><\/p>\n","protected":false},"excerpt":{"rendered":"<p>Hoy, nuestro compa\u00f1ero Jos\u00e9 M\u00aa Mart\u00edn Civantos, participa en el taller \u00abAre we planning for acequia day zero? El futuro del agua en la Alpujarra: un taller comunitario de media jornada\u00bb que se est\u00e1 llevando a cabo en \u00d3rgiva. Today, our colleague Jos\u00e9 M\u00aa Mart\u00edn Civantos, participates in the workshop \u00abAre we planning for acequia [&hellip;]<\/p>\n","protected":false},"author":55,"featured_media":0,"comment_status":"open","ping_status":"closed","sticky":false,"template":"","format":"standard","meta":{"_genesis_hide_title":false,"_genesis_hide_breadcrumbs":false,"_genesis_hide_singular_image":false,"_genesis_hide_footer_widgets":false,"_genesis_custom_body_class":"","_genesis_custom_post_class":"","_genesis_layout":"","footnotes":""},"categories":[1],"tags":[],"class_list":{"0":"post-1924","1":"post","2":"type-post","3":"status-publish","4":"format-standard","6":"category-sin-categoria","7":"entry"},"_links":{"self":[{"href":"https:\/\/blogs.ugr.es\/memolab\/wp-json\/wp\/v2\/posts\/1924","targetHints":{"allow":["GET"]}}],"collection":[{"href":"https:\/\/blogs.ugr.es\/memolab\/wp-json\/wp\/v2\/posts"}],"about":[{"href":"https:\/\/blogs.ugr.es\/memolab\/wp-json\/wp\/v2\/types\/post"}],"author":[{"embeddable":true,"href":"https:\/\/blogs.ugr.es\/memolab\/wp-json\/wp\/v2\/users\/55"}],"replies":[{"embeddable":true,"href":"https:\/\/blogs.ugr.es\/memolab\/wp-json\/wp\/v2\/comments?post=1924"}],"version-history":[{"count":1,"href":"https:\/\/blogs.ugr.es\/memolab\/wp-json\/wp\/v2\/posts\/1924\/revisions"}],"predecessor-version":[{"id":1926,"href":"https:\/\/blogs.ugr.es\/memolab\/wp-json\/wp\/v2\/posts\/1924\/revisions\/1926"}],"wp:attachment":[{"href":"https:\/\/blogs.ugr.es\/memolab\/wp-json\/wp\/v2\/media?parent=1924"}],"wp:term":[{"taxonomy":"category","embeddable":true,"href":"https:\/\/blogs.ugr.es\/memolab\/wp-json\/wp\/v2\/categories?post=1924"},{"taxonomy":"post_tag","embeddable":true,"href":"https:\/\/blogs.ugr.es\/memolab\/wp-json\/wp\/v2\/tags?post=1924"}],"curies":[{"name":"wp","href":"https:\/\/api.w.org\/{rel}","templated":true}]}}