{"id":340,"date":"2018-12-03T11:32:15","date_gmt":"2018-12-03T10:32:15","guid":{"rendered":"https:\/\/blogs.ugr.es\/memolab\/?p=340"},"modified":"2018-12-03T11:33:30","modified_gmt":"2018-12-03T10:33:30","slug":"reunion-del-grupo-operativo-gobernanza-comunal","status":"publish","type":"post","link":"https:\/\/blogs.ugr.es\/memolab\/reunion-del-grupo-operativo-gobernanza-comunal\/","title":{"rendered":"Reuni\u00f3n del grupo operativo \u00abGobernanza Comunal\u00bb"},"content":{"rendered":"<p>El jueves 29 y el viernes 30 de Noviembre el grupo operativo \u00abGobernanza Comunal\u00bb se reuni\u00f3 en Madrid.<\/p>\n<p><img loading=\"lazy\" decoding=\"async\" class=\"alignright size-medium wp-image-341\" src=\"https:\/\/blogs.ugr.es\/memolab\/wp-content\/uploads\/sites\/41\/2018\/12\/WhatsApp-Image-2018-12-02-at-21.23.44-1-300x225.jpeg\" alt=\"\" width=\"300\" height=\"225\" srcset=\"https:\/\/blogs.ugr.es\/memolab\/wp-content\/uploads\/sites\/41\/2018\/12\/WhatsApp-Image-2018-12-02-at-21.23.44-1-300x225.jpeg 300w, https:\/\/blogs.ugr.es\/memolab\/wp-content\/uploads\/sites\/41\/2018\/12\/WhatsApp-Image-2018-12-02-at-21.23.44-1-700x525.jpeg 700w, https:\/\/blogs.ugr.es\/memolab\/wp-content\/uploads\/sites\/41\/2018\/12\/WhatsApp-Image-2018-12-02-at-21.23.44-1.jpeg 800w\" sizes=\"auto, (max-width: 300px) 100vw, 300px\" \/><\/p>\n<p>El grupo operativo est\u00e1 formado por la Asociaci\u00f3n Forestal de Soria (ASFOSO), la Asociaci\u00f3n Trashumancia y Naturaleza, Calixto Escariz Abogados y la Universidad de Granada. Con la colaboraci\u00f3n de la Fundaci\u00f3n Lonxanet y la Asociaci\u00f3n Acequias Hist\u00f3ricas.<\/p>\n<p>Durante esos dos d\u00edas el grupo operativo recibi\u00f3 un curso de formaci\u00f3n a cargo de Tierravoz. Est\u00e1 reuni\u00f3n tambi\u00e9n permiti\u00f3 avanzar en la redacci\u00f3n del proyecto de mejora de la gobernanza de los sistemas comunales de Espa\u00f1a. El objetivo principal del Grupo Operativo se enfoca en mejorar la gobernanza de los sistemas comunales de Espa\u00f1a. Consideramos que este es el enfoque m\u00e1s eficiente para conseguir un aumento significativo en la contribuci\u00f3n social, ambiental y econ\u00f3mica de los sistemas comunales de riego, forestales y ganaderos de Espa\u00f1a.<\/p>\n<p>Para m\u00e1s informaci\u00f3n sobre el grupo operativo:\u00a0<a href=\"http:\/\/gobernanzacomunal.es\/\">http:\/\/gobernanzacomunal.es\/<\/a><\/p>\n","protected":false},"excerpt":{"rendered":"<p>El jueves 29 y el viernes 30 de Noviembre el grupo operativo \u00abGobernanza Comunal\u00bb se reuni\u00f3 en Madrid. El grupo operativo est\u00e1 formado por la Asociaci\u00f3n Forestal de Soria (ASFOSO), la Asociaci\u00f3n Trashumancia y Naturaleza, Calixto Escariz Abogados y la Universidad de Granada. Con la colaboraci\u00f3n de la Fundaci\u00f3n Lonxanet y la Asociaci\u00f3n Acequias Hist\u00f3ricas. [&hellip;]<\/p>\n","protected":false},"author":55,"featured_media":341,"comment_status":"open","ping_status":"open","sticky":false,"template":"","format":"standard","meta":{"_genesis_hide_title":false,"_genesis_hide_breadcrumbs":false,"_genesis_hide_singular_image":false,"_genesis_hide_footer_widgets":false,"_genesis_custom_body_class":"","_genesis_custom_post_class":"","_genesis_layout":"","footnotes":""},"categories":[8],"tags":[],"class_list":{"0":"post-340","1":"post","2":"type-post","3":"status-publish","4":"format-standard","5":"has-post-thumbnail","7":"category-noticias","8":"entry"},"_links":{"self":[{"href":"https:\/\/blogs.ugr.es\/memolab\/wp-json\/wp\/v2\/posts\/340","targetHints":{"allow":["GET"]}}],"collection":[{"href":"https:\/\/blogs.ugr.es\/memolab\/wp-json\/wp\/v2\/posts"}],"about":[{"href":"https:\/\/blogs.ugr.es\/memolab\/wp-json\/wp\/v2\/types\/post"}],"author":[{"embeddable":true,"href":"https:\/\/blogs.ugr.es\/memolab\/wp-json\/wp\/v2\/users\/55"}],"replies":[{"embeddable":true,"href":"https:\/\/blogs.ugr.es\/memolab\/wp-json\/wp\/v2\/comments?post=340"}],"version-history":[{"count":2,"href":"https:\/\/blogs.ugr.es\/memolab\/wp-json\/wp\/v2\/posts\/340\/revisions"}],"predecessor-version":[{"id":343,"href":"https:\/\/blogs.ugr.es\/memolab\/wp-json\/wp\/v2\/posts\/340\/revisions\/343"}],"wp:featuredmedia":[{"embeddable":true,"href":"https:\/\/blogs.ugr.es\/memolab\/wp-json\/wp\/v2\/media\/341"}],"wp:attachment":[{"href":"https:\/\/blogs.ugr.es\/memolab\/wp-json\/wp\/v2\/media?parent=340"}],"wp:term":[{"taxonomy":"category","embeddable":true,"href":"https:\/\/blogs.ugr.es\/memolab\/wp-json\/wp\/v2\/categories?post=340"},{"taxonomy":"post_tag","embeddable":true,"href":"https:\/\/blogs.ugr.es\/memolab\/wp-json\/wp\/v2\/tags?post=340"}],"curies":[{"name":"wp","href":"https:\/\/api.w.org\/{rel}","templated":true}]}}