{"id":904,"date":"2023-02-24T21:06:20","date_gmt":"2023-02-24T20:06:20","guid":{"rendered":"https:\/\/blogs.ugr.es\/migra-cin-es\/?p=904"},"modified":"2023-02-24T21:06:20","modified_gmt":"2023-02-24T20:06:20","slug":"video-conferencia-de-f-javier-garcia-castano-el-cine-espanol-de-migraciones-visto-desde-estados-unidos-4","status":"publish","type":"post","link":"https:\/\/blogs.ugr.es\/migra-cin-es\/it\/video-conferencia-de-f-javier-garcia-castano-el-cine-espanol-de-migraciones-visto-desde-estados-unidos-4\/","title":{"rendered":"V\u00eddeo: Conferencia de F. Javier Garc\u00eda Casta\u00f1o \u201cEl cine espa\u00f1ol de migraciones visto desde Estados Unidos\u201d"},"content":{"rendered":"<p>El Instituto Cervantes de la Universidad de Harvard, a trav\u00e9s de su Observatorio de la Lengua Espa\u00f1ola y las Culturas Hisp\u00e1nicas en los Estados Unidos, acogi\u00f3 el pasado 22 de septiembre de 2022 la conferencia \u201cEl cine espa\u00f1ol de migraciones visto desde Estados Unidos\u201d, pronunciada por el Catedr\u00e1tico de Antropolog\u00eda Social y director del Instituto de Migraciones de la Universidad de Granada, F. Javier Garc\u00eda Casta\u00f1o. En ella abord\u00f3 los principales aspectos y hallazgos vinculados con sus investigaciones sobre migraci\u00f3n y su representaci\u00f3n en el cine.<\/p>\n<p>&nbsp;<\/p>\n<p>&nbsp;<\/p>\n<p>En los \u00faltimos treinta a\u00f1os el crecimiento del cine espa\u00f1ol centrado en el fen\u00f3meno de inmigraci\u00f3n hacia Espa\u00f1a ha sido muy significativo, contabiliz\u00e1ndose m\u00e1s de 150 producciones entre pel\u00edculas de ficci\u00f3n, documentales, cortometrajes, mediometrajes o series de TV sobre esta tem\u00e1tica, la cual, sin ser un g\u00e9nero, se identifica ya como \u201ccine de migraciones\u201d. Esto ha provocado tambi\u00e9n un buen n\u00famero de estudios acad\u00e9micos, curiosamente m\u00e1s en los Estados Unidos que en Espa\u00f1a (as\u00ed, 18 de las 31 tesis doctorales identificadas sobre el tema se han defendido en universidades norteamericanas). En esta sesi\u00f3n se propondr\u00e1n reflexiones encaminadas a tratar de entender el inter\u00e9s desde los Estados Unidos por el cine espa\u00f1ol de migraciones.<\/p>\n<p>&nbsp;<\/p>\n<p>Las investigaciones del profesor Garc\u00eda Casta\u00f1o se centran en los procesos de construcci\u00f3n de la diferencia como una forma de gesti\u00f3n de la diversidad, prestando especial atenci\u00f3n a la migraci\u00f3n y su representaci\u00f3n en el cine. Ha publicado en importantes editoriales acad\u00e9micas, as\u00ed como en revistas reconocidas como Dve Domovini, Two Homelands, Migraciones, o European Journal of Intercultural Studies. Ha dirigido numerosas tesis doctorales, adem\u00e1s de ser profesor visitante en prestigiosas universidades de Estados Unidos y Europa.<\/p>\n<p>&nbsp;<\/p>\n<p><strong>Enlace a la conferencia:\u00a0<\/strong><\/p>\n<p><a href=\"https:\/\/www.youtube.com\/watch?v=R_iCZl6IUEE\">https:\/\/www.youtube.com\/watch?v=R_iCZl6IUEE<\/a><\/p>\n","protected":false},"excerpt":{"rendered":"<p>El Instituto Cervantes de la Universidad de Harvard, a trav\u00e9s de su Observatorio de la Lengua Espa\u00f1ola y las Culturas Hisp\u00e1nicas en los Estados Unidos, acogi\u00f3 el pasado 22 de septiembre de 2022 la conferencia \u201cEl cine espa\u00f1ol de migraciones visto desde Estados Unidos\u201d, pronunciada por el Catedr\u00e1tico de Antropolog\u00eda Social y director del Instituto&hellip; <a href=\"https:\/\/blogs.ugr.es\/migra-cin-es\/it\/video-conferencia-de-f-javier-garcia-castano-el-cine-espanol-de-migraciones-visto-desde-estados-unidos-4\/\" class=\"more-link\">Leer m\u00e1s <span class=\"screen-reader-text\">acerca de V\u00eddeo: Conferencia de F. Javier Garc\u00eda Casta\u00f1o \u201cEl cine espa\u00f1ol de migraciones visto desde Estados Unidos\u201d<\/span><\/a><\/p>\n","protected":false},"author":20,"featured_media":895,"comment_status":"open","ping_status":"closed","sticky":false,"template":"","format":"standard","meta":{"_genesis_hide_title":false,"_genesis_hide_breadcrumbs":false,"_genesis_hide_singular_image":false,"_genesis_hide_footer_widgets":false,"_genesis_custom_body_class":"","_genesis_custom_post_class":"","_genesis_layout":"","footnotes":""},"categories":[18],"tags":[],"class_list":{"0":"post-904","1":"post","2":"type-post","3":"status-publish","4":"format-standard","5":"has-post-thumbnail","7":"category-sin-categoria-it","8":"entry"},"_links":{"self":[{"href":"https:\/\/blogs.ugr.es\/migra-cin-es\/wp-json\/wp\/v2\/posts\/904","targetHints":{"allow":["GET"]}}],"collection":[{"href":"https:\/\/blogs.ugr.es\/migra-cin-es\/wp-json\/wp\/v2\/posts"}],"about":[{"href":"https:\/\/blogs.ugr.es\/migra-cin-es\/wp-json\/wp\/v2\/types\/post"}],"author":[{"embeddable":true,"href":"https:\/\/blogs.ugr.es\/migra-cin-es\/wp-json\/wp\/v2\/users\/20"}],"replies":[{"embeddable":true,"href":"https:\/\/blogs.ugr.es\/migra-cin-es\/wp-json\/wp\/v2\/comments?post=904"}],"version-history":[{"count":1,"href":"https:\/\/blogs.ugr.es\/migra-cin-es\/wp-json\/wp\/v2\/posts\/904\/revisions"}],"predecessor-version":[{"id":905,"href":"https:\/\/blogs.ugr.es\/migra-cin-es\/wp-json\/wp\/v2\/posts\/904\/revisions\/905"}],"wp:featuredmedia":[{"embeddable":true,"href":"https:\/\/blogs.ugr.es\/migra-cin-es\/wp-json\/wp\/v2\/media\/895"}],"wp:attachment":[{"href":"https:\/\/blogs.ugr.es\/migra-cin-es\/wp-json\/wp\/v2\/media?parent=904"}],"wp:term":[{"taxonomy":"category","embeddable":true,"href":"https:\/\/blogs.ugr.es\/migra-cin-es\/wp-json\/wp\/v2\/categories?post=904"},{"taxonomy":"post_tag","embeddable":true,"href":"https:\/\/blogs.ugr.es\/migra-cin-es\/wp-json\/wp\/v2\/tags?post=904"}],"curies":[{"name":"wp","href":"https:\/\/api.w.org\/{rel}","templated":true}]}}