{"id":1371,"date":"2024-12-18T09:02:13","date_gmt":"2024-12-18T08:02:13","guid":{"rendered":"https:\/\/blogs.ugr.es\/migranee\/?p=1371"},"modified":"2024-12-19T09:03:36","modified_gmt":"2024-12-19T08:03:36","slug":"18-12-2024-%c2%b7-efe-%c2%b7-saiz-lamenta-la-hipocresia-con-los-menores-migrantes-espana-escolarizo-a-30-000-ucranianos-y-no-hubo-polemica","status":"publish","type":"post","link":"https:\/\/blogs.ugr.es\/migranee\/18-12-2024-%c2%b7-efe-%c2%b7-saiz-lamenta-la-hipocresia-con-los-menores-migrantes-espana-escolarizo-a-30-000-ucranianos-y-no-hubo-polemica\/","title":{"rendered":"18\/12\/2024 \u00b7 EFE \u00b7 Saiz lamenta la \u00abhipocres\u00eda\u00bb con los menores migrantes: Espa\u00f1a escolariz\u00f3 a 30.000 ucranianos y no hubo pol\u00e9mica"},"content":{"rendered":"\n<h5 class=\"wp-block-heading has-vivid-cyan-blue-color has-text-color has-link-color wp-elements-b0e6b74c751837e576b8b26803a428b0\">La ministra de Inclusi\u00f3n, Seguridad Social y Migraciones, Elma Saiz, ha condenado la \u00abhipocres\u00eda\u00bb en torno a la acogida de menores migrantes y ha recordado que las comunidades han escolarizado a m\u00e1s de 30.000 ucranianos desde que empez\u00f3 la invasi\u00f3n rusa: \u00aby no hemos escuchado ni un solo titular\u00bb, ha subrayado.<br><\/h5>\n\n\n<div class=\"wp-block-image\">\n<figure class=\"aligncenter size-full\"><img loading=\"lazy\" decoding=\"async\" width=\"536\" height=\"386\" src=\"https:\/\/blogs.ugr.es\/migranee\/wp-content\/uploads\/sites\/147\/2024\/12\/Captura-de-pantalla-2024-12-19-a-las-8.57.37.jpg\" alt=\"\" class=\"wp-image-1373\" srcset=\"https:\/\/blogs.ugr.es\/migranee\/wp-content\/uploads\/sites\/147\/2024\/12\/Captura-de-pantalla-2024-12-19-a-las-8.57.37.jpg 536w, https:\/\/blogs.ugr.es\/migranee\/wp-content\/uploads\/sites\/147\/2024\/12\/Captura-de-pantalla-2024-12-19-a-las-8.57.37-300x216.jpg 300w\" sizes=\"auto, (max-width: 536px) 100vw, 536px\" \/><\/figure>\n<\/div>\n\n\n<p class=\"has-text-align-center has-small-font-size\">La ministra de Inclusi\u00f3n, Seguridad Social y Migraciones, Elma Saiz, este mi\u00e9rcoles durante el encuentro con personas mayores migrantes por el D\u00eda Internacional del Migrante. EFE\/ Fernando Villar<\/p>\n\n\n\n<h5 class=\"wp-block-heading has-vivid-cyan-blue-color has-text-color has-link-color wp-elements-0c3a51ad238b1238b27e41fdf895edfb\">En declaraciones a los medios tras participar en un encuentro con personas mayores migrantes en la sede del ministerio con motivo del D\u00eda Internacional del Migrante, que se celebra este mi\u00e9rcoles, Saiz ha hecho esta reflexi\u00f3n y ha apelado a la responsabilidad del PP para cambiar la ley de extranjer\u00eda.<\/h5>\n\n\n\n<h5 class=\"wp-block-heading\">\u00abEl momento de la responsabilidad\u00bb<\/h5>\n\n\n\n<p style=\"font-size:15px\">\u00abYa basta de tener un doble discurso, una doble moral, ya basta de hipocres\u00eda\u2026 es el momento de la responsabilidad, de la solidaridad\u00bb, ha defendido. Saiz ha asegurado que, por parte del Gobierno, est\u00e1 \u00abla mano tendida\u00bb para modificar el art\u00edculo 35 de la ley y establecer un mecanismo de acogida obligatorio entre las comunidades que alivie los recursos de zonas de llegada como Canarias y Ceuta. <\/p>\n\n\n\n<p style=\"font-size:15px\">Preguntada por la propuesta que el Gobierno de Canarias ha puesto ahora sobre la mesa -una distribuci\u00f3n puntual de los menores sin modificar la ley que, seg\u00fan el Ejecutivo de las islas, podr\u00eda contar con el apoyo de Junts- Saiz ha se\u00f1alado que \u00ablas f\u00f3rmulas se pueden explorar\u00bb, siempre que las permita la legislaci\u00f3n vigente, pero \u00ablo importante es la altura de miras\u00bb. Y, en este sentido, ha recordado que Coalici\u00f3n Canaria gobierna en las islas con el PP, que \u00abni siquiera ha querido tomar en consideraci\u00f3n\u00bb esta propuesta de reformar la ley.<\/p>\n\n\n\n<h5 class=\"wp-block-heading\">Empat\u00eda contra el racismo y la xenofobia<\/h5>\n\n\n\n<p style=\"font-size:15px\">Sobre el acto que ha tenido lugar este mi\u00e9rcoles, Saiz ha destacado que es \u00abmuy importante\u00bb para luchar contra el racismo y la xenofobia tener empat\u00eda y escuchar historias de vida y en el encuentro de este mi\u00e9rcoles ha podido conversar con personas que llevan muchos a\u00f1os en el pa\u00eds.<\/p>\n\n\n\n<p style=\"font-size:15px\">Ha puesto como ejemplo de ello a una mujer que le ha contado que tiene su propio negocio de hosteler\u00eda en Usera y, con m\u00e1s de 70 a\u00f1os, le ha transmitido su ilusi\u00f3n porque est\u00e1 a 14 meses de jubilarse. A modo de balance, Saiz ha se\u00f1alado que el 2023 ha sido un a\u00f1o \u00abmuy exigente y transformador\u00bb por, entre otras cosas, el desaf\u00edo de gestionar las crecientes llegadas irregulares a costas y sacar adelante un nuevo reglamento de extranjer\u00eda que, ha asegurado, va a dar respuesta a muchas personas que ya est\u00e1n en el pa\u00eds.<\/p>\n\n\n\n<p style=\"font-size:15px\">Sobre el 2025, ha anticipado que \u00abEspa\u00f1a va a ser el faro mundial que gu\u00ede y que combata el avance de la ultraderecha, el avance de los mensajes xen\u00f3fobos, y que ponga en valor el aporte de la poblaci\u00f3n extranjera trabajando con los derechos humanos en el centro y, por supuesto, por una inclusi\u00f3n y una integraci\u00f3n\u00bb.<\/p>\n\n\n\n<p style=\"font-size:15px\">Referencia<\/p>\n\n\n\n<ul class=\"wp-block-list\">\n<li class=\"has-small-font-size\"><a href=\"https:\/\/efe.com\/espana\/2024-12-18\/menores-migrantes-educacion-ministra-saiz\/\">https:\/\/efe.com\/espana\/2024-12-18\/menores-migrantes-educacion-ministra-saiz\/<\/a><\/li>\n<\/ul>\n","protected":false},"excerpt":{"rendered":"<p>La ministra de Inclusi\u00f3n, Seguridad Social y Migraciones, Elma Saiz, ha condenado la \u00abhipocres\u00eda\u00bb en torno a la acogida de menores migrantes y ha recordado que las comunidades han escolarizado a m\u00e1s de 30.000 ucranianos desde que empez\u00f3 la invasi\u00f3n rusa: \u00aby no hemos escuchado ni un solo titular\u00bb, ha subrayado. La ministra de Inclusi\u00f3n, [&hellip;]<\/p>\n","protected":false},"author":661,"featured_media":1374,"comment_status":"open","ping_status":"closed","sticky":false,"template":"","format":"standard","meta":{"_genesis_hide_title":false,"_genesis_hide_breadcrumbs":false,"_genesis_hide_singular_image":false,"_genesis_hide_footer_widgets":false,"_genesis_custom_body_class":"","_genesis_custom_post_class":"","_genesis_layout":"","footnotes":""},"categories":[1],"tags":[],"class_list":{"0":"post-1371","1":"post","2":"type-post","3":"status-publish","4":"format-standard","5":"has-post-thumbnail","7":"category-proyecto-migranee","8":"entry"},"_links":{"self":[{"href":"https:\/\/blogs.ugr.es\/migranee\/wp-json\/wp\/v2\/posts\/1371","targetHints":{"allow":["GET"]}}],"collection":[{"href":"https:\/\/blogs.ugr.es\/migranee\/wp-json\/wp\/v2\/posts"}],"about":[{"href":"https:\/\/blogs.ugr.es\/migranee\/wp-json\/wp\/v2\/types\/post"}],"author":[{"embeddable":true,"href":"https:\/\/blogs.ugr.es\/migranee\/wp-json\/wp\/v2\/users\/661"}],"replies":[{"embeddable":true,"href":"https:\/\/blogs.ugr.es\/migranee\/wp-json\/wp\/v2\/comments?post=1371"}],"version-history":[{"count":1,"href":"https:\/\/blogs.ugr.es\/migranee\/wp-json\/wp\/v2\/posts\/1371\/revisions"}],"predecessor-version":[{"id":1375,"href":"https:\/\/blogs.ugr.es\/migranee\/wp-json\/wp\/v2\/posts\/1371\/revisions\/1375"}],"wp:featuredmedia":[{"embeddable":true,"href":"https:\/\/blogs.ugr.es\/migranee\/wp-json\/wp\/v2\/media\/1374"}],"wp:attachment":[{"href":"https:\/\/blogs.ugr.es\/migranee\/wp-json\/wp\/v2\/media?parent=1371"}],"wp:term":[{"taxonomy":"category","embeddable":true,"href":"https:\/\/blogs.ugr.es\/migranee\/wp-json\/wp\/v2\/categories?post=1371"},{"taxonomy":"post_tag","embeddable":true,"href":"https:\/\/blogs.ugr.es\/migranee\/wp-json\/wp\/v2\/tags?post=1371"}],"curies":[{"name":"wp","href":"https:\/\/api.w.org\/{rel}","templated":true}]}}